{"id":782,"date":"2016-09-05T10:00:40","date_gmt":"2016-09-05T08:00:40","guid":{"rendered":"https:\/\/cortapelosyplanchas.com\/blog\/?p=782"},"modified":"2016-09-07T10:44:14","modified_gmt":"2016-09-07T08:44:14","slug":"ys-park-te-ofrece-un-difusor-plegable-para-los-secadores-de-pelo","status":"publish","type":"post","link":"https:\/\/cortapelosyplanchas.com\/blog\/ys-park-te-ofrece-un-difusor-plegable-para-los-secadores-de-pelo\/","title":{"rendered":"YS PARK te ofrece un difusor plegable para los secadores de pelo"},"content":{"rendered":"<p style=\"text-align: justify;\">En un post anterior hablamos sobre los <strong><a href=\"https:\/\/www.cortapelosyplanchas.com\/secadores\/difusores.html\" target=\"_blank\">difusores para secadores de pelo<\/a>\u00a0<\/strong>y destacamos que su principal funci\u00f3n es la de expandir el aire que sale del secador ya que sin este aparato, el secador concentra el chorro del aire y no siempre lo necesitamos de esta manera<\/p>\n<p style=\"text-align: justify;\"><!--more--><\/p>\n<p style=\"text-align: justify;\">Aunque algunos secadores de pelo traen unas boquillas que se acoplan a la boca del secador de manera que se estrecha la salida y concentra el <strong>flujo del aire<\/strong>, en ciertos trabajos de peluquer\u00eda necesitamos\u00a0justo lo contrario para que en vez de concentrar el aire, lo difundamos en un \u00e1rea mucho mayor.<\/p>\n<p style=\"text-align: justify;\">Los <strong>difusores<\/strong> reparten el aire con uniformidad y esto requiere que el dise\u00f1o de estos accesorios sean tan grandes como los <a href=\"https:\/\/www.cortapelosyplanchas.com\/secadores.html\">secadores \u00a0de pelo<\/a> puesto que por su forma ocupan el mismo m\u00e1s espacio que estos.<\/p>\n<p style=\"text-align: justify;\">Como no pod\u00eda ser menos, las fabricas de secadores conocedores de este problema, hasta ahora no hab\u00edan sido capaces de dise\u00f1ar un difusor que cumpliera su funci\u00f3n pero ocupara poco espacio, y decimos hasta ahora, porque recientemente la marca <strong>YS PARK<\/strong> ha lanzado un nuevo modelo de<a href=\"https:\/\/www.cortapelosyplanchas.com\/ys-park-difusor-profesional-plegable-portatil.html\" target=\"_blank\"><strong> difusor\u00a0plegable\u00a0para secador de pelo<\/strong><\/a>.<\/p>\n<p style=\"text-align: justify;\">El <a href=\"https:\/\/www.cortapelosyplanchas.com\/ys-park-difusor-profesional-plegable-portatil.html\" target=\"_blank\"><strong>difusor plegable YS PARK<\/strong><\/a>\u00a0permite trabajar mucho m\u00e1s r\u00e1pido y de manera profesional y\u00a0esta dise\u00f1ado para proporcionar un secado m\u00e1s r\u00e1pido del cabello gracias a la\u00a0distribuci\u00f3n uniforme del flujo de calor que sale del secador, resultando ideal para\u00a0dar volumen en el cabello, pudi\u00e9ndolo plegar y guardar cuando no lo utilicemos.<\/p>\n<p style=\"text-align: justify;\"><em>La calidad del producto es de lo m\u00e1s alta, ya que est\u00e1 fabricado\u00a0con\u00a0una malla de plata y titanio que favorecen el secado y la sequedad del cabello.<\/em><\/p>\n<p style=\"text-align: justify;\">Al ser totalmente plegable puede guardarse en cualquier sitio, y para colocarlo basta con desplegarlo\u00a0\u00a0y colocarlo al secador mediante una correa\u00a0ajustable que se adapta a la mayor\u00eda de\u00a0los modelos de<a href=\"https:\/\/www.cortapelosyplanchas.com\/secadores.html\" target=\"_blank\"><strong> secadores de pelo.<\/strong><\/a><\/p>\n<p>&nbsp;<\/p>\n<figure id=\"attachment_330\" aria-describedby=\"caption-attachment-330\" style=\"width: 800px\" class=\"wp-caption aligncenter\"><a href=\"https:\/\/www.cortapelosyplanchas.com\"><img loading=\"lazy\" decoding=\"async\" class=\"size-full wp-image-330\" src=\"https:\/\/cortapelosyplanchas.com\/blog\/wp-content\/uploads\/2016\/05\/Tienda-online-Productos-pelqueria-cortapelos-y-planchas.jpg\" alt=\"Web de productos de peluquer\u00eda para Profesionales \" width=\"800\" height=\"400\" srcset=\"https:\/\/cortapelosyplanchas.com\/blog\/wp-content\/uploads\/2016\/05\/Tienda-online-Productos-pelqueria-cortapelos-y-planchas.jpg 800w, https:\/\/cortapelosyplanchas.com\/blog\/wp-content\/uploads\/2016\/05\/Tienda-online-Productos-pelqueria-cortapelos-y-planchas-300x150.jpg 300w, https:\/\/cortapelosyplanchas.com\/blog\/wp-content\/uploads\/2016\/05\/Tienda-online-Productos-pelqueria-cortapelos-y-planchas-768x384.jpg 768w\" sizes=\"auto, (max-width: 800px) 100vw, 800px\" \/><\/a><figcaption id=\"caption-attachment-330\" class=\"wp-caption-text\">Web de productos de peluquer\u00eda para Profesionales<\/figcaption><\/figure>\n","protected":false},"excerpt":{"rendered":"<p>En un post anterior hablamos sobre los difusores para secadores de pelo\u00a0y destacamos que su principal funci\u00f3n es la de expandir el aire que sale del secador ya que sin este aparato, el secador concentra el chorro del aire y no siempre lo necesitamos de esta manera<\/p>\n","protected":false},"author":1,"featured_media":784,"comment_status":"closed","ping_status":"closed","sticky":false,"template":"","format":"standard","meta":{"footnotes":""},"categories":[1],"tags":[539,540,538,537],"class_list":["post-782","post","type-post","status-publish","format-standard","has-post-thumbnail","hentry","category-uncategorized","tag-difusor-plegable-para-secador-de-pelo","tag-difusor-portatil-para-secador-de-pelo","tag-productos-ys-park","tag-ys-park"],"yoast_head":"<!-- This site is optimized with the Yoast SEO plugin v27.4 - https:\/\/yoast.com\/product\/yoast-seo-wordpress\/ -->\n<title>YS PARK te ofrece un difusor plegable para los secadores de pelo - Cortapelos y Planchas<\/title>\n<meta name=\"robots\" content=\"index, follow, max-snippet:-1, max-image-preview:large, max-video-preview:-1\" \/>\n<link rel=\"canonical\" href=\"https:\/\/cortapelosyplanchas.com\/blog\/ys-park-te-ofrece-un-difusor-plegable-para-los-secadores-de-pelo\/\" \/>\n<meta property=\"og:locale\" content=\"es_ES\" \/>\n<meta property=\"og:type\" content=\"article\" \/>\n<meta property=\"og:title\" content=\"YS PARK te ofrece un difusor plegable para los secadores de pelo - Cortapelos y Planchas\" \/>\n<meta property=\"og:description\" content=\"En un post anterior hablamos sobre los difusores para secadores de pelo\u00a0y destacamos que su principal funci\u00f3n es la de expandir el aire que sale del secador ya que sin este aparato, el secador concentra el chorro del aire y no siempre lo necesitamos de esta manera\" \/>\n<meta property=\"og:url\" content=\"https:\/\/cortapelosyplanchas.com\/blog\/ys-park-te-ofrece-un-difusor-plegable-para-los-secadores-de-pelo\/\" \/>\n<meta property=\"og:site_name\" content=\"Cortapelos y Planchas\" \/>\n<meta property=\"article:published_time\" content=\"2016-09-05T08:00:40+00:00\" \/>\n<meta property=\"article:modified_time\" content=\"2016-09-07T08:44:14+00:00\" \/>\n<meta property=\"og:image\" content=\"https:\/\/cortapelosyplanchas.com\/blog\/wp-content\/uploads\/2016\/09\/ys_park_difusor_profesional_plegable_port_til_difusor_para_secador_mejor_precio_.jpg\" \/>\n\t<meta property=\"og:image:width\" content=\"530\" \/>\n\t<meta property=\"og:image:height\" content=\"530\" \/>\n\t<meta property=\"og:image:type\" content=\"image\/jpeg\" \/>\n<meta name=\"author\" content=\"admin\" \/>\n<meta name=\"twitter:card\" content=\"summary_large_image\" \/>\n<meta name=\"twitter:label1\" content=\"Escrito por\" \/>\n\t<meta name=\"twitter:data1\" content=\"admin\" \/>\n\t<meta name=\"twitter:label2\" content=\"Tiempo de lectura\" \/>\n\t<meta name=\"twitter:data2\" content=\"2 minutos\" \/>\n<script type=\"application\/ld+json\" class=\"yoast-schema-graph\">{\"@context\":\"https:\\\/\\\/schema.org\",\"@graph\":[{\"@type\":\"Article\",\"@id\":\"https:\\\/\\\/cortapelosyplanchas.com\\\/blog\\\/ys-park-te-ofrece-un-difusor-plegable-para-los-secadores-de-pelo\\\/#article\",\"isPartOf\":{\"@id\":\"https:\\\/\\\/cortapelosyplanchas.com\\\/blog\\\/ys-park-te-ofrece-un-difusor-plegable-para-los-secadores-de-pelo\\\/\"},\"author\":{\"name\":\"admin\",\"@id\":\"https:\\\/\\\/cortapelosyplanchas.com\\\/blog\\\/#\\\/schema\\\/person\\\/8d598e779c1fdcfef4c6b9af1a977f5d\"},\"headline\":\"YS PARK te ofrece un difusor plegable para los secadores de pelo\",\"datePublished\":\"2016-09-05T08:00:40+00:00\",\"dateModified\":\"2016-09-07T08:44:14+00:00\",\"mainEntityOfPage\":{\"@id\":\"https:\\\/\\\/cortapelosyplanchas.com\\\/blog\\\/ys-park-te-ofrece-un-difusor-plegable-para-los-secadores-de-pelo\\\/\"},\"wordCount\":354,\"image\":{\"@id\":\"https:\\\/\\\/cortapelosyplanchas.com\\\/blog\\\/ys-park-te-ofrece-un-difusor-plegable-para-los-secadores-de-pelo\\\/#primaryimage\"},\"thumbnailUrl\":\"https:\\\/\\\/cortapelosyplanchas.com\\\/blog\\\/wp-content\\\/uploads\\\/2016\\\/09\\\/ys_park_difusor_profesional_plegable_port_til_difusor_para_secador_mejor_precio_.jpg\",\"keywords\":[\"difusor plegable para secador de pelo\",\"difusor portatil para secador de pelo\",\"productos YS PARK\",\"YS PARK\"],\"articleSection\":[\"General\"],\"inLanguage\":\"es\"},{\"@type\":\"WebPage\",\"@id\":\"https:\\\/\\\/cortapelosyplanchas.com\\\/blog\\\/ys-park-te-ofrece-un-difusor-plegable-para-los-secadores-de-pelo\\\/\",\"url\":\"https:\\\/\\\/cortapelosyplanchas.com\\\/blog\\\/ys-park-te-ofrece-un-difusor-plegable-para-los-secadores-de-pelo\\\/\",\"name\":\"YS PARK te ofrece un difusor plegable para los secadores de pelo - Cortapelos y Planchas\",\"isPartOf\":{\"@id\":\"https:\\\/\\\/cortapelosyplanchas.com\\\/blog\\\/#website\"},\"primaryImageOfPage\":{\"@id\":\"https:\\\/\\\/cortapelosyplanchas.com\\\/blog\\\/ys-park-te-ofrece-un-difusor-plegable-para-los-secadores-de-pelo\\\/#primaryimage\"},\"image\":{\"@id\":\"https:\\\/\\\/cortapelosyplanchas.com\\\/blog\\\/ys-park-te-ofrece-un-difusor-plegable-para-los-secadores-de-pelo\\\/#primaryimage\"},\"thumbnailUrl\":\"https:\\\/\\\/cortapelosyplanchas.com\\\/blog\\\/wp-content\\\/uploads\\\/2016\\\/09\\\/ys_park_difusor_profesional_plegable_port_til_difusor_para_secador_mejor_precio_.jpg\",\"datePublished\":\"2016-09-05T08:00:40+00:00\",\"dateModified\":\"2016-09-07T08:44:14+00:00\",\"author\":{\"@id\":\"https:\\\/\\\/cortapelosyplanchas.com\\\/blog\\\/#\\\/schema\\\/person\\\/8d598e779c1fdcfef4c6b9af1a977f5d\"},\"breadcrumb\":{\"@id\":\"https:\\\/\\\/cortapelosyplanchas.com\\\/blog\\\/ys-park-te-ofrece-un-difusor-plegable-para-los-secadores-de-pelo\\\/#breadcrumb\"},\"inLanguage\":\"es\",\"potentialAction\":[{\"@type\":\"ReadAction\",\"target\":[\"https:\\\/\\\/cortapelosyplanchas.com\\\/blog\\\/ys-park-te-ofrece-un-difusor-plegable-para-los-secadores-de-pelo\\\/\"]}]},{\"@type\":\"ImageObject\",\"inLanguage\":\"es\",\"@id\":\"https:\\\/\\\/cortapelosyplanchas.com\\\/blog\\\/ys-park-te-ofrece-un-difusor-plegable-para-los-secadores-de-pelo\\\/#primaryimage\",\"url\":\"https:\\\/\\\/cortapelosyplanchas.com\\\/blog\\\/wp-content\\\/uploads\\\/2016\\\/09\\\/ys_park_difusor_profesional_plegable_port_til_difusor_para_secador_mejor_precio_.jpg\",\"contentUrl\":\"https:\\\/\\\/cortapelosyplanchas.com\\\/blog\\\/wp-content\\\/uploads\\\/2016\\\/09\\\/ys_park_difusor_profesional_plegable_port_til_difusor_para_secador_mejor_precio_.jpg\",\"width\":530,\"height\":530,\"caption\":\"ys_park_difusor_profesional_plegable_port_til_difusor_para_secador_mejor_precio_\"},{\"@type\":\"BreadcrumbList\",\"@id\":\"https:\\\/\\\/cortapelosyplanchas.com\\\/blog\\\/ys-park-te-ofrece-un-difusor-plegable-para-los-secadores-de-pelo\\\/#breadcrumb\",\"itemListElement\":[{\"@type\":\"ListItem\",\"position\":1,\"name\":\"Portada\",\"item\":\"https:\\\/\\\/cortapelosyplanchas.com\\\/blog\\\/\"},{\"@type\":\"ListItem\",\"position\":2,\"name\":\"General\",\"item\":\"https:\\\/\\\/cortapelosyplanchas.com\\\/blog\\\/category\\\/uncategorized\\\/\"},{\"@type\":\"ListItem\",\"position\":3,\"name\":\"YS PARK te ofrece un difusor plegable para los secadores de pelo\"}]},{\"@type\":\"WebSite\",\"@id\":\"https:\\\/\\\/cortapelosyplanchas.com\\\/blog\\\/#website\",\"url\":\"https:\\\/\\\/cortapelosyplanchas.com\\\/blog\\\/\",\"name\":\"Cortapelos y Planchas\",\"description\":\"Tienda online de productos profesionales para la barber\u00eda y peluquer\u00eda\",\"potentialAction\":[{\"@type\":\"SearchAction\",\"target\":{\"@type\":\"EntryPoint\",\"urlTemplate\":\"https:\\\/\\\/cortapelosyplanchas.com\\\/blog\\\/?s={search_term_string}\"},\"query-input\":{\"@type\":\"PropertyValueSpecification\",\"valueRequired\":true,\"valueName\":\"search_term_string\"}}],\"inLanguage\":\"es\"},{\"@type\":\"Person\",\"@id\":\"https:\\\/\\\/cortapelosyplanchas.com\\\/blog\\\/#\\\/schema\\\/person\\\/8d598e779c1fdcfef4c6b9af1a977f5d\",\"name\":\"admin\",\"image\":{\"@type\":\"ImageObject\",\"inLanguage\":\"es\",\"@id\":\"https:\\\/\\\/secure.gravatar.com\\\/avatar\\\/40514707bfd39d3804d4b44915d7ed2ec67df255ac2ef5884b698885f0278493?s=96&d=mm&r=g\",\"url\":\"https:\\\/\\\/secure.gravatar.com\\\/avatar\\\/40514707bfd39d3804d4b44915d7ed2ec67df255ac2ef5884b698885f0278493?s=96&d=mm&r=g\",\"contentUrl\":\"https:\\\/\\\/secure.gravatar.com\\\/avatar\\\/40514707bfd39d3804d4b44915d7ed2ec67df255ac2ef5884b698885f0278493?s=96&d=mm&r=g\",\"caption\":\"admin\"},\"url\":\"https:\\\/\\\/cortapelosyplanchas.com\\\/blog\\\/author\\\/admin\\\/\"}]}<\/script>\n<!-- \/ Yoast SEO plugin. -->","yoast_head_json":{"title":"YS PARK te ofrece un difusor plegable para los secadores de pelo - Cortapelos y Planchas","robots":{"index":"index","follow":"follow","max-snippet":"max-snippet:-1","max-image-preview":"max-image-preview:large","max-video-preview":"max-video-preview:-1"},"canonical":"https:\/\/cortapelosyplanchas.com\/blog\/ys-park-te-ofrece-un-difusor-plegable-para-los-secadores-de-pelo\/","og_locale":"es_ES","og_type":"article","og_title":"YS PARK te ofrece un difusor plegable para los secadores de pelo - Cortapelos y Planchas","og_description":"En un post anterior hablamos sobre los difusores para secadores de pelo\u00a0y destacamos que su principal funci\u00f3n es la de expandir el aire que sale del secador ya que sin este aparato, el secador concentra el chorro del aire y no siempre lo necesitamos de esta manera","og_url":"https:\/\/cortapelosyplanchas.com\/blog\/ys-park-te-ofrece-un-difusor-plegable-para-los-secadores-de-pelo\/","og_site_name":"Cortapelos y Planchas","article_published_time":"2016-09-05T08:00:40+00:00","article_modified_time":"2016-09-07T08:44:14+00:00","og_image":[{"width":530,"height":530,"url":"https:\/\/cortapelosyplanchas.com\/blog\/wp-content\/uploads\/2016\/09\/ys_park_difusor_profesional_plegable_port_til_difusor_para_secador_mejor_precio_.jpg","type":"image\/jpeg"}],"author":"admin","twitter_card":"summary_large_image","twitter_misc":{"Escrito por":"admin","Tiempo de lectura":"2 minutos"},"schema":{"@context":"https:\/\/schema.org","@graph":[{"@type":"Article","@id":"https:\/\/cortapelosyplanchas.com\/blog\/ys-park-te-ofrece-un-difusor-plegable-para-los-secadores-de-pelo\/#article","isPartOf":{"@id":"https:\/\/cortapelosyplanchas.com\/blog\/ys-park-te-ofrece-un-difusor-plegable-para-los-secadores-de-pelo\/"},"author":{"name":"admin","@id":"https:\/\/cortapelosyplanchas.com\/blog\/#\/schema\/person\/8d598e779c1fdcfef4c6b9af1a977f5d"},"headline":"YS PARK te ofrece un difusor plegable para los secadores de pelo","datePublished":"2016-09-05T08:00:40+00:00","dateModified":"2016-09-07T08:44:14+00:00","mainEntityOfPage":{"@id":"https:\/\/cortapelosyplanchas.com\/blog\/ys-park-te-ofrece-un-difusor-plegable-para-los-secadores-de-pelo\/"},"wordCount":354,"image":{"@id":"https:\/\/cortapelosyplanchas.com\/blog\/ys-park-te-ofrece-un-difusor-plegable-para-los-secadores-de-pelo\/#primaryimage"},"thumbnailUrl":"https:\/\/cortapelosyplanchas.com\/blog\/wp-content\/uploads\/2016\/09\/ys_park_difusor_profesional_plegable_port_til_difusor_para_secador_mejor_precio_.jpg","keywords":["difusor plegable para secador de pelo","difusor portatil para secador de pelo","productos YS PARK","YS PARK"],"articleSection":["General"],"inLanguage":"es"},{"@type":"WebPage","@id":"https:\/\/cortapelosyplanchas.com\/blog\/ys-park-te-ofrece-un-difusor-plegable-para-los-secadores-de-pelo\/","url":"https:\/\/cortapelosyplanchas.com\/blog\/ys-park-te-ofrece-un-difusor-plegable-para-los-secadores-de-pelo\/","name":"YS PARK te ofrece un difusor plegable para los secadores de pelo - Cortapelos y Planchas","isPartOf":{"@id":"https:\/\/cortapelosyplanchas.com\/blog\/#website"},"primaryImageOfPage":{"@id":"https:\/\/cortapelosyplanchas.com\/blog\/ys-park-te-ofrece-un-difusor-plegable-para-los-secadores-de-pelo\/#primaryimage"},"image":{"@id":"https:\/\/cortapelosyplanchas.com\/blog\/ys-park-te-ofrece-un-difusor-plegable-para-los-secadores-de-pelo\/#primaryimage"},"thumbnailUrl":"https:\/\/cortapelosyplanchas.com\/blog\/wp-content\/uploads\/2016\/09\/ys_park_difusor_profesional_plegable_port_til_difusor_para_secador_mejor_precio_.jpg","datePublished":"2016-09-05T08:00:40+00:00","dateModified":"2016-09-07T08:44:14+00:00","author":{"@id":"https:\/\/cortapelosyplanchas.com\/blog\/#\/schema\/person\/8d598e779c1fdcfef4c6b9af1a977f5d"},"breadcrumb":{"@id":"https:\/\/cortapelosyplanchas.com\/blog\/ys-park-te-ofrece-un-difusor-plegable-para-los-secadores-de-pelo\/#breadcrumb"},"inLanguage":"es","potentialAction":[{"@type":"ReadAction","target":["https:\/\/cortapelosyplanchas.com\/blog\/ys-park-te-ofrece-un-difusor-plegable-para-los-secadores-de-pelo\/"]}]},{"@type":"ImageObject","inLanguage":"es","@id":"https:\/\/cortapelosyplanchas.com\/blog\/ys-park-te-ofrece-un-difusor-plegable-para-los-secadores-de-pelo\/#primaryimage","url":"https:\/\/cortapelosyplanchas.com\/blog\/wp-content\/uploads\/2016\/09\/ys_park_difusor_profesional_plegable_port_til_difusor_para_secador_mejor_precio_.jpg","contentUrl":"https:\/\/cortapelosyplanchas.com\/blog\/wp-content\/uploads\/2016\/09\/ys_park_difusor_profesional_plegable_port_til_difusor_para_secador_mejor_precio_.jpg","width":530,"height":530,"caption":"ys_park_difusor_profesional_plegable_port_til_difusor_para_secador_mejor_precio_"},{"@type":"BreadcrumbList","@id":"https:\/\/cortapelosyplanchas.com\/blog\/ys-park-te-ofrece-un-difusor-plegable-para-los-secadores-de-pelo\/#breadcrumb","itemListElement":[{"@type":"ListItem","position":1,"name":"Portada","item":"https:\/\/cortapelosyplanchas.com\/blog\/"},{"@type":"ListItem","position":2,"name":"General","item":"https:\/\/cortapelosyplanchas.com\/blog\/category\/uncategorized\/"},{"@type":"ListItem","position":3,"name":"YS PARK te ofrece un difusor plegable para los secadores de pelo"}]},{"@type":"WebSite","@id":"https:\/\/cortapelosyplanchas.com\/blog\/#website","url":"https:\/\/cortapelosyplanchas.com\/blog\/","name":"Cortapelos y Planchas","description":"Tienda online de productos profesionales para la barber\u00eda y peluquer\u00eda","potentialAction":[{"@type":"SearchAction","target":{"@type":"EntryPoint","urlTemplate":"https:\/\/cortapelosyplanchas.com\/blog\/?s={search_term_string}"},"query-input":{"@type":"PropertyValueSpecification","valueRequired":true,"valueName":"search_term_string"}}],"inLanguage":"es"},{"@type":"Person","@id":"https:\/\/cortapelosyplanchas.com\/blog\/#\/schema\/person\/8d598e779c1fdcfef4c6b9af1a977f5d","name":"admin","image":{"@type":"ImageObject","inLanguage":"es","@id":"https:\/\/secure.gravatar.com\/avatar\/40514707bfd39d3804d4b44915d7ed2ec67df255ac2ef5884b698885f0278493?s=96&d=mm&r=g","url":"https:\/\/secure.gravatar.com\/avatar\/40514707bfd39d3804d4b44915d7ed2ec67df255ac2ef5884b698885f0278493?s=96&d=mm&r=g","contentUrl":"https:\/\/secure.gravatar.com\/avatar\/40514707bfd39d3804d4b44915d7ed2ec67df255ac2ef5884b698885f0278493?s=96&d=mm&r=g","caption":"admin"},"url":"https:\/\/cortapelosyplanchas.com\/blog\/author\/admin\/"}]}},"_links":{"self":[{"href":"https:\/\/cortapelosyplanchas.com\/blog\/wp-json\/wp\/v2\/posts\/782","targetHints":{"allow":["GET"]}}],"collection":[{"href":"https:\/\/cortapelosyplanchas.com\/blog\/wp-json\/wp\/v2\/posts"}],"about":[{"href":"https:\/\/cortapelosyplanchas.com\/blog\/wp-json\/wp\/v2\/types\/post"}],"author":[{"embeddable":true,"href":"https:\/\/cortapelosyplanchas.com\/blog\/wp-json\/wp\/v2\/users\/1"}],"replies":[{"embeddable":true,"href":"https:\/\/cortapelosyplanchas.com\/blog\/wp-json\/wp\/v2\/comments?post=782"}],"version-history":[{"count":2,"href":"https:\/\/cortapelosyplanchas.com\/blog\/wp-json\/wp\/v2\/posts\/782\/revisions"}],"predecessor-version":[{"id":785,"href":"https:\/\/cortapelosyplanchas.com\/blog\/wp-json\/wp\/v2\/posts\/782\/revisions\/785"}],"wp:featuredmedia":[{"embeddable":true,"href":"https:\/\/cortapelosyplanchas.com\/blog\/wp-json\/wp\/v2\/media\/784"}],"wp:attachment":[{"href":"https:\/\/cortapelosyplanchas.com\/blog\/wp-json\/wp\/v2\/media?parent=782"}],"wp:term":[{"taxonomy":"category","embeddable":true,"href":"https:\/\/cortapelosyplanchas.com\/blog\/wp-json\/wp\/v2\/categories?post=782"},{"taxonomy":"post_tag","embeddable":true,"href":"https:\/\/cortapelosyplanchas.com\/blog\/wp-json\/wp\/v2\/tags?post=782"}],"curies":[{"name":"wp","href":"https:\/\/api.w.org\/{rel}","templated":true}]}}