{"id":3647,"date":"2025-12-23T12:13:41","date_gmt":"2025-12-23T11:13:41","guid":{"rendered":"https:\/\/cortapelosyplanchas.com\/blog\/?p=3647"},"modified":"2025-12-23T12:13:41","modified_gmt":"2025-12-23T11:13:41","slug":"felicitacion-navidena-del-equipo-de-cortapelosyplanchas-com","status":"publish","type":"post","link":"https:\/\/cortapelosyplanchas.com\/blog\/felicitacion-navidena-del-equipo-de-cortapelosyplanchas-com\/","title":{"rendered":"Felicitaci\u00f3n Navide\u00f1a del Equipo de Cortapelosyplanchas.com"},"content":{"rendered":"\n<!--more-->\n\n\n\n<p>La Navidad es un momento para detenernos, mirar atr\u00e1s y agradecer todo lo vivido durante el a\u00f1o. Desde <strong>todo el equipo de Cortapelosyplanchas.com<\/strong>, queremos aprovechar estas fechas tan especiales para enviaros un mensaje sincero de agradecimiento y buenos deseos.<\/p>\n\n\n\n<h3 class=\"wp-block-heading\">Gracias por confiar en nosotros un a\u00f1o m\u00e1s<\/h3>\n\n\n\n<p>Este a\u00f1o ha sido intenso, lleno de retos, aprendizaje y crecimiento. Nada de esto habr\u00eda sido posible sin la confianza de <strong>peluqueros, barberos, profesionales del sector y clientes particulares<\/strong> que d\u00eda a d\u00eda eleg\u00eds nuestra tienda para vuestro trabajo y vuestro negocio.<\/p>\n\n\n\n<p>Cada pedido, cada consulta y cada mensaje nos motiva a seguir mejorando, ampliando nuestro cat\u00e1logo y ofreciendo un servicio cercano, honesto y profesional.<\/p>\n\n\n\n<h3 class=\"wp-block-heading\">Nuestro compromiso para el nuevo a\u00f1o<\/h3>\n\n\n\n<p>Miramos al nuevo a\u00f1o con ilusi\u00f3n y con un compromiso claro:<\/p>\n\n\n\n<ul class=\"wp-block-list\">\n<li>Seguir ofreciendo <strong>herramientas profesionales de peluquer\u00eda y barber\u00eda de alta calidad<\/strong>.<\/li>\n\n\n\n<li>Mejorar continuamente nuestro servicio de atenci\u00f3n al cliente.<\/li>\n\n\n\n<li>Apostar por marcas l\u00edderes y novedades del sector.<\/li>\n\n\n\n<li>Estar siempre cerca de los profesionales que conf\u00edan en nosotros.<\/li>\n<\/ul>\n\n\n\n<p>Queremos seguir siendo vuestro aliado de confianza en el d\u00eda a d\u00eda del sal\u00f3n o la barber\u00eda.<\/p>\n\n\n\n<h3 class=\"wp-block-heading\">Felices Fiestas y pr\u00f3spero A\u00f1o Nuevo<\/h3>\n\n\n\n<p>Os deseamos unas <strong>Navidades llenas de salud, descanso y buenos momentos<\/strong>, y un nuevo a\u00f1o cargado de proyectos, \u00e9xito profesional y energ\u00eda positiva.<\/p>\n\n\n\n<p>Gracias por formar parte de la familia de <strong>Cortapelosyplanchas.com<\/strong>.<\/p>\n\n\n\n<p>Un cordial saludo,<br><strong>El equipo de Cortapelosyplanchas.com<\/strong><\/p>\n","protected":false},"excerpt":{"rendered":"","protected":false},"author":1,"featured_media":3648,"comment_status":"closed","ping_status":"closed","sticky":false,"template":"","format":"standard","meta":{"footnotes":""},"categories":[333,1],"tags":[2042,2861,2867,2865,13,1069,2869,1334,2858,2354,2859,2866,2864,2769,2863,2043,2862,2868,2860],"class_list":["post-3647","post","type-post","status-publish","format-standard","has-post-thumbnail","hentry","category-barberia-y-peluqueria-masculina","category-uncategorized","tag-barberia-profesional","tag-barberos-profesionales","tag-blog-barberia","tag-blog-peluqueria","tag-cortapelos-profesional","tag-cortapelosyplanchas","tag-empresa-peluqueria","tag-felices-fiestas","tag-felicitacion-navidena","tag-herramientas-peluqueria","tag-maquinas-cortapelo-2","tag-material-peluqueria","tag-mensaje-navideno-empresa","tag-navidad-barberia","tag-navidad-peluqueria","tag-peluqueria-profesional","tag-peluqueros-profesionales","tag-tienda-barberia-online","tag-tienda-peluqueria-online"],"yoast_head":"<!-- This site is optimized with the Yoast SEO plugin v27.4 - https:\/\/yoast.com\/product\/yoast-seo-wordpress\/ -->\n<title>Felicitaci\u00f3n Navide\u00f1a | El Equipo de Cortapelosyplanchas.com os desea Felices Fiestas<\/title>\n<meta name=\"description\" content=\"Felicitaci\u00f3n navide\u00f1a del equipo de Cortapelosyplanchas.com. Agradecemos la confianza de peluqueros y barberos y os deseamos unas felices fiestas y un pr\u00f3spero A\u00f1o Nuevo. Desc\u00fabrela aqu\u00ed.\" \/>\n<meta name=\"robots\" content=\"index, follow, max-snippet:-1, max-image-preview:large, max-video-preview:-1\" \/>\n<link rel=\"canonical\" href=\"https:\/\/cortapelosyplanchas.com\/blog\/felicitacion-navidena-del-equipo-de-cortapelosyplanchas-com\/\" \/>\n<meta property=\"og:locale\" content=\"es_ES\" \/>\n<meta property=\"og:type\" content=\"article\" \/>\n<meta property=\"og:title\" content=\"Felicitaci\u00f3n Navide\u00f1a | El Equipo de Cortapelosyplanchas.com os desea Felices Fiestas\" \/>\n<meta property=\"og:description\" content=\"Felicitaci\u00f3n navide\u00f1a del equipo de Cortapelosyplanchas.com. Agradecemos la confianza de peluqueros y barberos y os deseamos unas felices fiestas y un pr\u00f3spero A\u00f1o Nuevo. Desc\u00fabrela aqu\u00ed.\" \/>\n<meta property=\"og:url\" content=\"https:\/\/cortapelosyplanchas.com\/blog\/felicitacion-navidena-del-equipo-de-cortapelosyplanchas-com\/\" \/>\n<meta property=\"og:site_name\" content=\"Cortapelos y Planchas\" \/>\n<meta property=\"article:published_time\" content=\"2025-12-23T11:13:41+00:00\" \/>\n<meta property=\"og:image\" content=\"https:\/\/cortapelosyplanchas.com\/blog\/wp-content\/uploads\/2025\/12\/Felicitacion-Navidena-El-Equipo-de-Cortapelosyplanchas.com-os-desea-Felices-Fiestas.png\" \/>\n\t<meta property=\"og:image:width\" content=\"1024\" \/>\n\t<meta property=\"og:image:height\" content=\"1024\" \/>\n\t<meta property=\"og:image:type\" content=\"image\/png\" \/>\n<meta name=\"author\" content=\"admin\" \/>\n<meta name=\"twitter:card\" content=\"summary_large_image\" \/>\n<meta name=\"twitter:label1\" content=\"Escrito por\" \/>\n\t<meta name=\"twitter:data1\" content=\"admin\" \/>\n\t<meta name=\"twitter:label2\" content=\"Tiempo de lectura\" \/>\n\t<meta name=\"twitter:data2\" content=\"2 minutos\" \/>\n<script type=\"application\/ld+json\" class=\"yoast-schema-graph\">{\"@context\":\"https:\\\/\\\/schema.org\",\"@graph\":[{\"@type\":\"Article\",\"@id\":\"https:\\\/\\\/cortapelosyplanchas.com\\\/blog\\\/felicitacion-navidena-del-equipo-de-cortapelosyplanchas-com\\\/#article\",\"isPartOf\":{\"@id\":\"https:\\\/\\\/cortapelosyplanchas.com\\\/blog\\\/felicitacion-navidena-del-equipo-de-cortapelosyplanchas-com\\\/\"},\"author\":{\"name\":\"admin\",\"@id\":\"https:\\\/\\\/cortapelosyplanchas.com\\\/blog\\\/#\\\/schema\\\/person\\\/8d598e779c1fdcfef4c6b9af1a977f5d\"},\"headline\":\"Felicitaci\u00f3n Navide\u00f1a del Equipo de Cortapelosyplanchas.com\",\"datePublished\":\"2025-12-23T11:13:41+00:00\",\"mainEntityOfPage\":{\"@id\":\"https:\\\/\\\/cortapelosyplanchas.com\\\/blog\\\/felicitacion-navidena-del-equipo-de-cortapelosyplanchas-com\\\/\"},\"wordCount\":266,\"image\":{\"@id\":\"https:\\\/\\\/cortapelosyplanchas.com\\\/blog\\\/felicitacion-navidena-del-equipo-de-cortapelosyplanchas-com\\\/#primaryimage\"},\"thumbnailUrl\":\"https:\\\/\\\/cortapelosyplanchas.com\\\/blog\\\/wp-content\\\/uploads\\\/2025\\\/12\\\/Felicitacion-Navidena-El-Equipo-de-Cortapelosyplanchas.com-os-desea-Felices-Fiestas.png\",\"keywords\":[\"barber\u00eda profesional\",\"barberos profesionales\",\"blog barber\u00eda\",\"blog peluquer\u00eda\",\"cortapelos profesional\",\"cortapelosyplanchas\",\"empresa peluquer\u00eda\",\"felices fiestas\",\"felicitaci\u00f3n navide\u00f1a\",\"herramientas peluquer\u00eda\",\"m\u00e1quinas cortapelo\",\"material peluquer\u00eda\",\"mensaje navide\u00f1o empresa\",\"Navidad barber\u00eda\",\"navidad peluquer\u00eda\",\"peluquer\u00eda profesional\",\"peluqueros profesionales\",\"tienda barber\u00eda online\",\"tienda peluquer\u00eda online\"],\"articleSection\":[\"Barber\u00eda y peluquer\u00eda masculina\",\"General\"],\"inLanguage\":\"es\"},{\"@type\":\"WebPage\",\"@id\":\"https:\\\/\\\/cortapelosyplanchas.com\\\/blog\\\/felicitacion-navidena-del-equipo-de-cortapelosyplanchas-com\\\/\",\"url\":\"https:\\\/\\\/cortapelosyplanchas.com\\\/blog\\\/felicitacion-navidena-del-equipo-de-cortapelosyplanchas-com\\\/\",\"name\":\"Felicitaci\u00f3n Navide\u00f1a | El Equipo de Cortapelosyplanchas.com os desea Felices Fiestas\",\"isPartOf\":{\"@id\":\"https:\\\/\\\/cortapelosyplanchas.com\\\/blog\\\/#website\"},\"primaryImageOfPage\":{\"@id\":\"https:\\\/\\\/cortapelosyplanchas.com\\\/blog\\\/felicitacion-navidena-del-equipo-de-cortapelosyplanchas-com\\\/#primaryimage\"},\"image\":{\"@id\":\"https:\\\/\\\/cortapelosyplanchas.com\\\/blog\\\/felicitacion-navidena-del-equipo-de-cortapelosyplanchas-com\\\/#primaryimage\"},\"thumbnailUrl\":\"https:\\\/\\\/cortapelosyplanchas.com\\\/blog\\\/wp-content\\\/uploads\\\/2025\\\/12\\\/Felicitacion-Navidena-El-Equipo-de-Cortapelosyplanchas.com-os-desea-Felices-Fiestas.png\",\"datePublished\":\"2025-12-23T11:13:41+00:00\",\"author\":{\"@id\":\"https:\\\/\\\/cortapelosyplanchas.com\\\/blog\\\/#\\\/schema\\\/person\\\/8d598e779c1fdcfef4c6b9af1a977f5d\"},\"description\":\"Felicitaci\u00f3n navide\u00f1a del equipo de Cortapelosyplanchas.com. Agradecemos la confianza de peluqueros y barberos y os deseamos unas felices fiestas y un pr\u00f3spero A\u00f1o Nuevo. Desc\u00fabrela aqu\u00ed.\",\"breadcrumb\":{\"@id\":\"https:\\\/\\\/cortapelosyplanchas.com\\\/blog\\\/felicitacion-navidena-del-equipo-de-cortapelosyplanchas-com\\\/#breadcrumb\"},\"inLanguage\":\"es\",\"potentialAction\":[{\"@type\":\"ReadAction\",\"target\":[\"https:\\\/\\\/cortapelosyplanchas.com\\\/blog\\\/felicitacion-navidena-del-equipo-de-cortapelosyplanchas-com\\\/\"]}]},{\"@type\":\"ImageObject\",\"inLanguage\":\"es\",\"@id\":\"https:\\\/\\\/cortapelosyplanchas.com\\\/blog\\\/felicitacion-navidena-del-equipo-de-cortapelosyplanchas-com\\\/#primaryimage\",\"url\":\"https:\\\/\\\/cortapelosyplanchas.com\\\/blog\\\/wp-content\\\/uploads\\\/2025\\\/12\\\/Felicitacion-Navidena-El-Equipo-de-Cortapelosyplanchas.com-os-desea-Felices-Fiestas.png\",\"contentUrl\":\"https:\\\/\\\/cortapelosyplanchas.com\\\/blog\\\/wp-content\\\/uploads\\\/2025\\\/12\\\/Felicitacion-Navidena-El-Equipo-de-Cortapelosyplanchas.com-os-desea-Felices-Fiestas.png\",\"width\":1024,\"height\":1024},{\"@type\":\"BreadcrumbList\",\"@id\":\"https:\\\/\\\/cortapelosyplanchas.com\\\/blog\\\/felicitacion-navidena-del-equipo-de-cortapelosyplanchas-com\\\/#breadcrumb\",\"itemListElement\":[{\"@type\":\"ListItem\",\"position\":1,\"name\":\"Portada\",\"item\":\"https:\\\/\\\/cortapelosyplanchas.com\\\/blog\\\/\"},{\"@type\":\"ListItem\",\"position\":2,\"name\":\"Barber\u00eda y peluquer\u00eda masculina\",\"item\":\"https:\\\/\\\/cortapelosyplanchas.com\\\/blog\\\/category\\\/barberia-y-peluqueria-masculina\\\/\"},{\"@type\":\"ListItem\",\"position\":3,\"name\":\"Felicitaci\u00f3n Navide\u00f1a del Equipo de Cortapelosyplanchas.com\"}]},{\"@type\":\"WebSite\",\"@id\":\"https:\\\/\\\/cortapelosyplanchas.com\\\/blog\\\/#website\",\"url\":\"https:\\\/\\\/cortapelosyplanchas.com\\\/blog\\\/\",\"name\":\"Cortapelos y Planchas\",\"description\":\"Tienda online de productos profesionales para la barber\u00eda y peluquer\u00eda\",\"potentialAction\":[{\"@type\":\"SearchAction\",\"target\":{\"@type\":\"EntryPoint\",\"urlTemplate\":\"https:\\\/\\\/cortapelosyplanchas.com\\\/blog\\\/?s={search_term_string}\"},\"query-input\":{\"@type\":\"PropertyValueSpecification\",\"valueRequired\":true,\"valueName\":\"search_term_string\"}}],\"inLanguage\":\"es\"},{\"@type\":\"Person\",\"@id\":\"https:\\\/\\\/cortapelosyplanchas.com\\\/blog\\\/#\\\/schema\\\/person\\\/8d598e779c1fdcfef4c6b9af1a977f5d\",\"name\":\"admin\",\"image\":{\"@type\":\"ImageObject\",\"inLanguage\":\"es\",\"@id\":\"https:\\\/\\\/secure.gravatar.com\\\/avatar\\\/40514707bfd39d3804d4b44915d7ed2ec67df255ac2ef5884b698885f0278493?s=96&d=mm&r=g\",\"url\":\"https:\\\/\\\/secure.gravatar.com\\\/avatar\\\/40514707bfd39d3804d4b44915d7ed2ec67df255ac2ef5884b698885f0278493?s=96&d=mm&r=g\",\"contentUrl\":\"https:\\\/\\\/secure.gravatar.com\\\/avatar\\\/40514707bfd39d3804d4b44915d7ed2ec67df255ac2ef5884b698885f0278493?s=96&d=mm&r=g\",\"caption\":\"admin\"},\"url\":\"https:\\\/\\\/cortapelosyplanchas.com\\\/blog\\\/author\\\/admin\\\/\"}]}<\/script>\n<!-- \/ Yoast SEO plugin. -->","yoast_head_json":{"title":"Felicitaci\u00f3n Navide\u00f1a | El Equipo de Cortapelosyplanchas.com os desea Felices Fiestas","description":"Felicitaci\u00f3n navide\u00f1a del equipo de Cortapelosyplanchas.com. Agradecemos la confianza de peluqueros y barberos y os deseamos unas felices fiestas y un pr\u00f3spero A\u00f1o Nuevo. Desc\u00fabrela aqu\u00ed.","robots":{"index":"index","follow":"follow","max-snippet":"max-snippet:-1","max-image-preview":"max-image-preview:large","max-video-preview":"max-video-preview:-1"},"canonical":"https:\/\/cortapelosyplanchas.com\/blog\/felicitacion-navidena-del-equipo-de-cortapelosyplanchas-com\/","og_locale":"es_ES","og_type":"article","og_title":"Felicitaci\u00f3n Navide\u00f1a | El Equipo de Cortapelosyplanchas.com os desea Felices Fiestas","og_description":"Felicitaci\u00f3n navide\u00f1a del equipo de Cortapelosyplanchas.com. Agradecemos la confianza de peluqueros y barberos y os deseamos unas felices fiestas y un pr\u00f3spero A\u00f1o Nuevo. Desc\u00fabrela aqu\u00ed.","og_url":"https:\/\/cortapelosyplanchas.com\/blog\/felicitacion-navidena-del-equipo-de-cortapelosyplanchas-com\/","og_site_name":"Cortapelos y Planchas","article_published_time":"2025-12-23T11:13:41+00:00","og_image":[{"width":1024,"height":1024,"url":"https:\/\/cortapelosyplanchas.com\/blog\/wp-content\/uploads\/2025\/12\/Felicitacion-Navidena-El-Equipo-de-Cortapelosyplanchas.com-os-desea-Felices-Fiestas.png","type":"image\/png"}],"author":"admin","twitter_card":"summary_large_image","twitter_misc":{"Escrito por":"admin","Tiempo de lectura":"2 minutos"},"schema":{"@context":"https:\/\/schema.org","@graph":[{"@type":"Article","@id":"https:\/\/cortapelosyplanchas.com\/blog\/felicitacion-navidena-del-equipo-de-cortapelosyplanchas-com\/#article","isPartOf":{"@id":"https:\/\/cortapelosyplanchas.com\/blog\/felicitacion-navidena-del-equipo-de-cortapelosyplanchas-com\/"},"author":{"name":"admin","@id":"https:\/\/cortapelosyplanchas.com\/blog\/#\/schema\/person\/8d598e779c1fdcfef4c6b9af1a977f5d"},"headline":"Felicitaci\u00f3n Navide\u00f1a del Equipo de Cortapelosyplanchas.com","datePublished":"2025-12-23T11:13:41+00:00","mainEntityOfPage":{"@id":"https:\/\/cortapelosyplanchas.com\/blog\/felicitacion-navidena-del-equipo-de-cortapelosyplanchas-com\/"},"wordCount":266,"image":{"@id":"https:\/\/cortapelosyplanchas.com\/blog\/felicitacion-navidena-del-equipo-de-cortapelosyplanchas-com\/#primaryimage"},"thumbnailUrl":"https:\/\/cortapelosyplanchas.com\/blog\/wp-content\/uploads\/2025\/12\/Felicitacion-Navidena-El-Equipo-de-Cortapelosyplanchas.com-os-desea-Felices-Fiestas.png","keywords":["barber\u00eda profesional","barberos profesionales","blog barber\u00eda","blog peluquer\u00eda","cortapelos profesional","cortapelosyplanchas","empresa peluquer\u00eda","felices fiestas","felicitaci\u00f3n navide\u00f1a","herramientas peluquer\u00eda","m\u00e1quinas cortapelo","material peluquer\u00eda","mensaje navide\u00f1o empresa","Navidad barber\u00eda","navidad peluquer\u00eda","peluquer\u00eda profesional","peluqueros profesionales","tienda barber\u00eda online","tienda peluquer\u00eda online"],"articleSection":["Barber\u00eda y peluquer\u00eda masculina","General"],"inLanguage":"es"},{"@type":"WebPage","@id":"https:\/\/cortapelosyplanchas.com\/blog\/felicitacion-navidena-del-equipo-de-cortapelosyplanchas-com\/","url":"https:\/\/cortapelosyplanchas.com\/blog\/felicitacion-navidena-del-equipo-de-cortapelosyplanchas-com\/","name":"Felicitaci\u00f3n Navide\u00f1a | El Equipo de Cortapelosyplanchas.com os desea Felices Fiestas","isPartOf":{"@id":"https:\/\/cortapelosyplanchas.com\/blog\/#website"},"primaryImageOfPage":{"@id":"https:\/\/cortapelosyplanchas.com\/blog\/felicitacion-navidena-del-equipo-de-cortapelosyplanchas-com\/#primaryimage"},"image":{"@id":"https:\/\/cortapelosyplanchas.com\/blog\/felicitacion-navidena-del-equipo-de-cortapelosyplanchas-com\/#primaryimage"},"thumbnailUrl":"https:\/\/cortapelosyplanchas.com\/blog\/wp-content\/uploads\/2025\/12\/Felicitacion-Navidena-El-Equipo-de-Cortapelosyplanchas.com-os-desea-Felices-Fiestas.png","datePublished":"2025-12-23T11:13:41+00:00","author":{"@id":"https:\/\/cortapelosyplanchas.com\/blog\/#\/schema\/person\/8d598e779c1fdcfef4c6b9af1a977f5d"},"description":"Felicitaci\u00f3n navide\u00f1a del equipo de Cortapelosyplanchas.com. Agradecemos la confianza de peluqueros y barberos y os deseamos unas felices fiestas y un pr\u00f3spero A\u00f1o Nuevo. Desc\u00fabrela aqu\u00ed.","breadcrumb":{"@id":"https:\/\/cortapelosyplanchas.com\/blog\/felicitacion-navidena-del-equipo-de-cortapelosyplanchas-com\/#breadcrumb"},"inLanguage":"es","potentialAction":[{"@type":"ReadAction","target":["https:\/\/cortapelosyplanchas.com\/blog\/felicitacion-navidena-del-equipo-de-cortapelosyplanchas-com\/"]}]},{"@type":"ImageObject","inLanguage":"es","@id":"https:\/\/cortapelosyplanchas.com\/blog\/felicitacion-navidena-del-equipo-de-cortapelosyplanchas-com\/#primaryimage","url":"https:\/\/cortapelosyplanchas.com\/blog\/wp-content\/uploads\/2025\/12\/Felicitacion-Navidena-El-Equipo-de-Cortapelosyplanchas.com-os-desea-Felices-Fiestas.png","contentUrl":"https:\/\/cortapelosyplanchas.com\/blog\/wp-content\/uploads\/2025\/12\/Felicitacion-Navidena-El-Equipo-de-Cortapelosyplanchas.com-os-desea-Felices-Fiestas.png","width":1024,"height":1024},{"@type":"BreadcrumbList","@id":"https:\/\/cortapelosyplanchas.com\/blog\/felicitacion-navidena-del-equipo-de-cortapelosyplanchas-com\/#breadcrumb","itemListElement":[{"@type":"ListItem","position":1,"name":"Portada","item":"https:\/\/cortapelosyplanchas.com\/blog\/"},{"@type":"ListItem","position":2,"name":"Barber\u00eda y peluquer\u00eda masculina","item":"https:\/\/cortapelosyplanchas.com\/blog\/category\/barberia-y-peluqueria-masculina\/"},{"@type":"ListItem","position":3,"name":"Felicitaci\u00f3n Navide\u00f1a del Equipo de Cortapelosyplanchas.com"}]},{"@type":"WebSite","@id":"https:\/\/cortapelosyplanchas.com\/blog\/#website","url":"https:\/\/cortapelosyplanchas.com\/blog\/","name":"Cortapelos y Planchas","description":"Tienda online de productos profesionales para la barber\u00eda y peluquer\u00eda","potentialAction":[{"@type":"SearchAction","target":{"@type":"EntryPoint","urlTemplate":"https:\/\/cortapelosyplanchas.com\/blog\/?s={search_term_string}"},"query-input":{"@type":"PropertyValueSpecification","valueRequired":true,"valueName":"search_term_string"}}],"inLanguage":"es"},{"@type":"Person","@id":"https:\/\/cortapelosyplanchas.com\/blog\/#\/schema\/person\/8d598e779c1fdcfef4c6b9af1a977f5d","name":"admin","image":{"@type":"ImageObject","inLanguage":"es","@id":"https:\/\/secure.gravatar.com\/avatar\/40514707bfd39d3804d4b44915d7ed2ec67df255ac2ef5884b698885f0278493?s=96&d=mm&r=g","url":"https:\/\/secure.gravatar.com\/avatar\/40514707bfd39d3804d4b44915d7ed2ec67df255ac2ef5884b698885f0278493?s=96&d=mm&r=g","contentUrl":"https:\/\/secure.gravatar.com\/avatar\/40514707bfd39d3804d4b44915d7ed2ec67df255ac2ef5884b698885f0278493?s=96&d=mm&r=g","caption":"admin"},"url":"https:\/\/cortapelosyplanchas.com\/blog\/author\/admin\/"}]}},"_links":{"self":[{"href":"https:\/\/cortapelosyplanchas.com\/blog\/wp-json\/wp\/v2\/posts\/3647","targetHints":{"allow":["GET"]}}],"collection":[{"href":"https:\/\/cortapelosyplanchas.com\/blog\/wp-json\/wp\/v2\/posts"}],"about":[{"href":"https:\/\/cortapelosyplanchas.com\/blog\/wp-json\/wp\/v2\/types\/post"}],"author":[{"embeddable":true,"href":"https:\/\/cortapelosyplanchas.com\/blog\/wp-json\/wp\/v2\/users\/1"}],"replies":[{"embeddable":true,"href":"https:\/\/cortapelosyplanchas.com\/blog\/wp-json\/wp\/v2\/comments?post=3647"}],"version-history":[{"count":1,"href":"https:\/\/cortapelosyplanchas.com\/blog\/wp-json\/wp\/v2\/posts\/3647\/revisions"}],"predecessor-version":[{"id":3649,"href":"https:\/\/cortapelosyplanchas.com\/blog\/wp-json\/wp\/v2\/posts\/3647\/revisions\/3649"}],"wp:featuredmedia":[{"embeddable":true,"href":"https:\/\/cortapelosyplanchas.com\/blog\/wp-json\/wp\/v2\/media\/3648"}],"wp:attachment":[{"href":"https:\/\/cortapelosyplanchas.com\/blog\/wp-json\/wp\/v2\/media?parent=3647"}],"wp:term":[{"taxonomy":"category","embeddable":true,"href":"https:\/\/cortapelosyplanchas.com\/blog\/wp-json\/wp\/v2\/categories?post=3647"},{"taxonomy":"post_tag","embeddable":true,"href":"https:\/\/cortapelosyplanchas.com\/blog\/wp-json\/wp\/v2\/tags?post=3647"}],"curies":[{"name":"wp","href":"https:\/\/api.w.org\/{rel}","templated":true}]}}