{"id":3591,"date":"2025-11-26T10:51:49","date_gmt":"2025-11-26T09:51:49","guid":{"rendered":"https:\/\/cortapelosyplanchas.com\/blog\/?p=3591"},"modified":"2025-11-26T10:55:00","modified_gmt":"2025-11-26T09:55:00","slug":"stylecraft-saber-2-y-saber-trimmer-analisis-profesional-2025-del-kit-mas-potente-en-barberia","status":"publish","type":"post","link":"https:\/\/cortapelosyplanchas.com\/blog\/stylecraft-saber-2-y-saber-trimmer-analisis-profesional-2025-del-kit-mas-potente-en-barberia\/","title":{"rendered":"StyleCraft Saber 2 y Saber Trimmer: An\u00e1lisis profesional 2025 del kit m\u00e1s potente en barber\u00eda"},"content":{"rendered":"\n<!--more-->\n\n\n\n<h1 class=\"wp-block-heading\">StyleCraft Saber 2 y Saber Trimmer: \u00bfel \u00abHeavy Metal\u00bb de la barber\u00eda moderna?<\/h1>\n\n\n\n<p>En el mundo de la barber\u00eda profesional, 2024 y 2025 est\u00e1n marcados por una aut\u00e9ntica guerra tecnol\u00f3gica: la batalla de los motores digitales. Mientras algunas marcas apuestan por carcasas de pl\u00e1stico ultraligero y velocidades extremas, <strong>StyleCraft<\/strong> ha decidido ir a contracorriente con una propuesta muy clara: <strong>metal, par motor y sensaci\u00f3n real de herramienta profesional<\/strong>.<\/p>\n\n\n\n<p>Hoy en <strong>Cortapelos y Planchas<\/strong> analizamos a fondo uno de los lanzamientos m\u00e1s esperados por los barberos que aman las m\u00e1quinas s\u00f3lidas y precisas: el <strong>Kit StyleCraft Saber 2 Clipper &amp; Saber Trimmer (White Edition)<\/strong>.<\/p>\n\n\n\n<p>\u00bfEs solo una est\u00e9tica blanca y dorada muy \u201cinstagrameable\u201d o de verdad hay una bestia escondida bajo el cap\u00f3? Hemos repasado su ingenier\u00eda, sus cuchillas y sus sensaciones en mano para cont\u00e1rtelo con detalle.<\/p>\n\n\n\n<h2 class=\"wp-block-heading\">1. El coraz\u00f3n de la bestia: motor digital EON sin escobillas<\/h2>\n\n\n\n<p>La <strong>StyleCraft Saber 2<\/strong> abandona por completo el concepto de los viejos motores rotativos con escobillas de carbono. En su lugar, monta el nuevo <strong>motor digital brushless EON<\/strong>, dise\u00f1ado para ofrecer potencia constante incluso en los trabajos m\u00e1s exigentes.<\/p>\n\n\n\n<h3 class=\"wp-block-heading\">\u00bfQu\u00e9 significa esto en tu d\u00eda a d\u00eda en la barber\u00eda?<\/h3>\n\n\n\n<ul class=\"wp-block-list\">\n<li><strong>Eficiencia t\u00e9rmica mejorada<\/strong>: al eliminar la fricci\u00f3n interna de las escobillas, el motor se calienta mucho menos y la cuchilla se mantiene fr\u00eda durante m\u00e1s tiempo. El resultado: m\u00e1s comodidad para el cliente y menos paradas para que la m\u00e1quina \u201cdescanse\u201d.<\/li>\n\n\n\n<li><strong>Torque inteligente y constante<\/strong>: el motor EON trabaja en el rango de las <strong>7.200\u20137.500 RPM<\/strong> reales, manteniendo la fuerza incluso en cabellos densos o muy gruesos. No se viene abajo al desbastar, ni pierde par en los remates de un fade.<\/li>\n\n\n\n<li><strong>Respuesta suave<\/strong>: la sensaci\u00f3n al trabajar es fluida, sin tirones, con una entrega de potencia progresiva que ayuda a mantener el control en cada pasada.<\/li>\n<\/ul>\n\n\n\n<p>En resumen: es un motor pensado para barberos que hacen muchos cortes al d\u00eda y necesitan que la m\u00e1quina responda igual de bien en el primer cliente que en el \u00faltimo.<\/p>\n\n\n\n<h2 class=\"wp-block-heading\">2. La revoluci\u00f3n del sonido: cuchilla \u00abEcho\u00bb y feedback auditivo<\/h2>\n\n\n\n<p>Aqu\u00ed es donde la <strong>Saber 2<\/strong> se desmarca por completo de competidoras como la <strong>JRL Onyx<\/strong> o la <strong>Gamma+ Instinct<\/strong>. Mientras la tendencia general del mercado es fabricar m\u00e1quinas cada vez m\u00e1s silenciosas, StyleCraft ha apostado por algo diferente: <strong>que la cuchilla se escuche<\/strong>.<\/p>\n\n\n\n<p>Su <strong>cuchilla fija DLC \u00abEcho\u00bb<\/strong> tiene un vaciado espec\u00edfico que act\u00faa como una peque\u00f1a c\u00e1mara de resonancia. Al cortar, genera un <strong>\u201ccrunch\u201d claro y n\u00edtido<\/strong> que el barbero puede usar como referencia.<\/p>\n\n\n\n<h3 class=\"wp-block-heading\">\u00bfPor qu\u00e9 es una ventaja ese \u201ccrunch\u201d?<\/h3>\n\n\n\n<ul class=\"wp-block-list\">\n<li><strong>Biofeedback auditivo<\/strong>: el sonido te indica cu\u00e1ndo est\u00e1s cortando cabello y cu\u00e1ndo la zona ya est\u00e1 limpia.<\/li>\n\n\n\n<li><strong>Fades a o\u00eddo<\/strong>: te permite trabajar <em>\u201cde o\u00eddo\u201d<\/em> en zonas ciegas o de dif\u00edcil visibilidad, afinando la transici\u00f3n solo escuchando el corte.<\/li>\n\n\n\n<li><strong>Menos miradas al espejo<\/strong>: al tener feedback sonoro, reduces microparones para comprobar visualmente, lo que hace el trabajo m\u00e1s fluido.<\/li>\n<\/ul>\n\n\n\n<p>A esto se suma la <strong>cuchilla m\u00f3vil \u201cThe One\u201d de corte profundo (Deep Tooth)<\/strong>, pensada para no atascarse en cabellos densos y crear transiciones suaves sin marcar l\u00edneas duras.<\/p>\n\n\n\n<h2 class=\"wp-block-heading\">3. Construcci\u00f3n \u00abHeavy Duty\u00bb: el regreso del metal<\/h2>\n\n\n\n<p>En una era donde casi todo es pl\u00e1stico, coger una <strong>StyleCraft Saber<\/strong> se siente distinto desde el primer segundo. Su <strong>cuerpo full metal de aluminio de alta resistencia<\/strong> transmite solidez, estabilidad y esa sensaci\u00f3n de \u201cherramienta de taller\u201d que muchos barberos echan de menos.<\/p>\n\n\n\n<h3 class=\"wp-block-heading\">Qu\u00e9 aporta realmente el cuerpo met\u00e1lico<\/h3>\n\n\n\n<ul class=\"wp-block-list\">\n<li><strong>Estabilidad extra<\/strong>: el peso adicional ayuda a absorber micro-vibraciones del motor, lo que se traduce en un pulso m\u00e1s firme.<\/li>\n\n\n\n<li><strong>Inercia en el corte<\/strong>: la m\u00e1quina \u201ccae\u201d sola en el movimiento de corte (C-motion), ayud\u00e1ndote a deslizar sin forzar tanto la mu\u00f1eca.<\/li>\n\n\n\n<li><strong>Durabilidad a prueba de batalla<\/strong>: es una m\u00e1quina pensada para el ritmo fren\u00e9tico de una barber\u00eda profesional, no para uso espor\u00e1dico.<\/li>\n<\/ul>\n\n\n\n<p>Adem\u00e1s, cuenta con <strong>sistema drop-top magn\u00e9tico<\/strong> para una limpieza r\u00e1pida, <strong>bater\u00eda de litio con hasta 2,5 horas de autonom\u00eda<\/strong> y <strong>carga completa en unos 120 minutos mediante USB-C<\/strong>, algo que facilita mucho el trabajo en estaciones saturadas de cables.<\/p>\n\n\n\n<h2 class=\"wp-block-heading\">4. La pareja perfecta: StyleCraft Saber Trimmer<\/h2>\n\n\n\n<p>Ning\u00fan kit de barber\u00eda est\u00e1 completo sin un buen bistur\u00ed. La <strong>StyleCraft Saber Trimmer White<\/strong> comparte ADN con la clipper: <strong>motor digital de 7.500 RPM<\/strong>, construcci\u00f3n met\u00e1lica y filosof\u00eda de rendimiento extremo, pero en un chasis mucho m\u00e1s compacto y manejable.<\/p>\n\n\n\n<ul class=\"wp-block-list\">\n<li><strong>Visibilidad 360\u00ba real<\/strong>: su dise\u00f1o <em>skeleton<\/em> deja la cuchilla completamente expuesta, permiti\u00e9ndote ver exactamente d\u00f3nde apoya sobre la piel.<\/li>\n\n\n\n<li><strong>Cuchilla X-Pro Wide<\/strong>: equipada con cuchilla ancha de <strong>titaniu dorado<\/strong> y cortadora \u201cThe One\u201d, ideal para contornos, l\u00edneas, patillas y trabajos de m\u00e1xima definici\u00f3n.<\/li>\n\n\n\n<li><strong>Ajuste a Zero-Gap<\/strong>: puede ajustarse a un <strong>cero real<\/strong>, logrando l\u00edneas casi \u201cdibujadas a l\u00e1ser\u201d sin necesidad de apretar ni castigar la piel.<\/li>\n\n\n\n<li><strong>Puerto USB-C<\/strong>: se carga con el mismo tipo de cable que la clipper y que muchos dispositivos actuales, reduciendo el caos de cargadores en tu estaci\u00f3n.<\/li>\n<\/ul>\n\n\n\n<h2 class=\"wp-block-heading\">5. StyleCraft Saber 2 vs la competencia: \u00bfen qu\u00e9 se diferencia?<\/h2>\n\n\n\n<p>Si la comparamos con otras m\u00e1quinas top del mercado, la fotograf\u00eda general ser\u00eda algo as\u00ed:<\/p>\n\n\n\n<figure class=\"wp-block-table\"><table class=\"has-fixed-layout\"><thead><tr><th>Caracter\u00edstica<\/th><th>StyleCraft Saber 2<\/th><th>Gamma+ Instinct<\/th><th>JRL Onyx<\/th><\/tr><\/thead><tbody><tr><td>Motor<\/td><td>Digital EON (par constante)<\/td><td>Vectorial (velocidad adaptativa)<\/td><td>Rotativo silencioso<\/td><\/tr><tr><td>Sensaci\u00f3n en mano<\/td><td>Pesada, robusta, met\u00e1lica<\/td><td>Ultraligera, r\u00e1pida, pl\u00e1stica<\/td><td>Ligera, muy c\u00f3moda<\/td><\/tr><tr><td>Sonido<\/td><td>\u201cCrunch\u201d audible (feedback)<\/td><td>Zumbido agudo<\/td><td>Muy silenciosa<\/td><\/tr><tr><td>Perfil de barbero ideal<\/td><td>Control total, sensaci\u00f3n de m\u00e1quina \u201creal\u201d<\/td><td>Speed-faders, trabajos muy r\u00e1pidos<\/td><td>Quienes priorizan silencio y suavidad<\/td><\/tr><\/tbody><\/table><\/figure>\n\n\n\n<h2 class=\"wp-block-heading\">6. \u00bfPara qui\u00e9n es (y para qui\u00e9n no) la StyleCraft Saber Series?<\/h2>\n\n\n\n<p>La <strong>StyleCraft Saber Series (White Edition)<\/strong> no es una m\u00e1quina pensada para todo el mundo. Y eso es precisamente parte de su encanto.<\/p>\n\n\n\n<h3 class=\"wp-block-heading\">No es para ti si\u2026<\/h3>\n\n\n\n<ul class=\"wp-block-list\">\n<li>Buscas una m\u00e1quina <strong>ultraligera de pl\u00e1stico<\/strong> que casi no se note en la mano.<\/li>\n\n\n\n<li>Prefieres el <strong>silencio absoluto<\/strong> por encima de cualquier sensaci\u00f3n de potencia.<\/li>\n\n\n\n<li>Solo trabajas espor\u00e1dicamente y no necesitas una construcci\u00f3n tan robusta.<\/li>\n<\/ul>\n\n\n\n<h3 class=\"wp-block-heading\">Es perfecta para ti si\u2026<\/h3>\n\n\n\n<ul class=\"wp-block-list\">\n<li>Te gusta <strong>sentir la herramienta<\/strong> en la mano y valorar la ingenier\u00eda interna.<\/li>\n\n\n\n<li>Quieres usar el <strong>sonido del corte como gu\u00eda<\/strong> para perfeccionar tus fades.<\/li>\n\n\n\n<li>Buscas una clipper y un trimmer con <strong>motor digital, cuerpo met\u00e1lico y rendimiento estable<\/strong> durante todo el d\u00eda.<\/li>\n<\/ul>\n\n\n\n<p>Si vienes de m\u00e1quinas pl\u00e1sticas y ligeras, la Saber 2 se siente como pasar de un coche urbano a un muscle car: m\u00e1s peso, m\u00e1s par y una experiencia mucho m\u00e1s sensorial.<\/p>\n\n\n\n<h2 class=\"wp-block-heading\">7. \u00bfD\u00f3nde comprar el kit oficial en Espa\u00f1a?<\/h2>\n\n\n\n<p>En <strong>Cortapelos y Planchas<\/strong> somos <strong>distribuidores oficiales de StyleCraft en Espa\u00f1a<\/strong> y ofrecemos <strong>garant\u00eda espa\u00f1ola<\/strong> y <strong>servicio t\u00e9cnico cualificado<\/strong>. Puedes encontrar el kit completo y las m\u00e1quinas por separado:<\/p>\n\n\n\n<ul class=\"wp-block-list\">\n<li><strong>StyleCraft Kit Saber Clipper II White + Saber White Trimmer<\/strong><br>Kit oficial clipper + trimmer met\u00e1licos, motor digital EON y cuchillas Echo \/ X-Pro Wide.<br>Precio aproximado: <strong>\u20ac 348,00<\/strong>.<\/li>\n<\/ul>\n\n\n\n<figure class=\"wp-block-image\"><a class=\"product-image\" href=\"https:\/\/www.cortapelosyplanchas.com\/stylecraft-kit-saber-clipper-ii-white-saber-white-trimmer.html\"><img decoding=\"async\" src=\"https:\/\/www.cortapelosyplanchas.com\/media\/catalog\/product\/cache\/1\/small_image\/194x\/9df78eab33525d08d6e5fb8d27136e95\/s\/t\/stylecraft_kit_saber_clipper_ii_white_saber_white_trimmer.png\" alt=\"StyleCraft kit Saber Clipper II White + Saber White trimmer\"\/><\/a><\/figure>\n\n\n\n<h3 class=\"wp-block-heading\"><a href=\"https:\/\/www.cortapelosyplanchas.com\/stylecraft-kit-saber-clipper-ii-white-saber-white-trimmer.html\">StyleCraft kit Saber Clipper II White + Saber White trimmer<\/a><\/h3>\n\n\n\n<p>Cortapelos met\u00e1lico StyleCraft Saber II White con motor EON 7.200 rpm &#8230;<\/p>\n\n\n\n<p>\u20ac&nbsp;348,00&nbsp;<\/p>\n\n\n\n<ul class=\"wp-block-list\">\n<li><strong>StyleCraft cortapelos profesional Saber II White<\/strong><br>Cortapelos met\u00e1lico con motor EON 7.200 rpm y cuchilla DLC Echo para fades precisos y potencia profesional.<br>Precio aproximado: <strong>\u20ac 219,00<\/strong>.<\/li>\n<\/ul>\n\n\n\n<figure class=\"wp-block-image\"><a class=\"product-image\" href=\"https:\/\/www.cortapelosyplanchas.com\/stylecraft-cortapelos-profesional-saber-ii-white.html\"><img decoding=\"async\" src=\"https:\/\/www.cortapelosyplanchas.com\/media\/catalog\/product\/cache\/1\/small_image\/194x\/9df78eab33525d08d6e5fb8d27136e95\/s\/t\/stylecraft_cortapelos_profesional_saber_ii_white.jpg\" alt=\"StyleCraft cortapelos profesional Saber II White\"\/><\/a><\/figure>\n\n\n\n<h3 class=\"wp-block-heading\"><a href=\"https:\/\/www.cortapelosyplanchas.com\/stylecraft-cortapelos-profesional-saber-ii-white.html\">StyleCraft cortapelos profesional Saber II White<\/a><\/h3>\n\n\n\n<p>Cortapelos met\u00e1lico StyleCraft Saber II White con motor EON 7.200 rpm &#8230;\u00a0<\/p>\n\n\n\n<p>\u20ac&nbsp;219,00&nbsp;<\/p>\n\n\n\n<ul class=\"wp-block-list\">\n<li><strong>StyleCraft Saber Trimmer Metal White<\/strong><br>Trimmer met\u00e1lico con motor digital brushless, cuchilla X-Pro Wide de titanio dorado y dise\u00f1o skeleton 360\u00ba.<br>Precio aproximado: <strong>\u20ac 179,00<\/strong>.<\/li>\n<\/ul>\n\n\n\n<figure class=\"wp-block-image\"><a class=\"product-image\" href=\"https:\/\/www.cortapelosyplanchas.com\/stylecraft-saber-trimmer-metal-white.html\"><img decoding=\"async\" src=\"https:\/\/www.cortapelosyplanchas.com\/media\/catalog\/product\/cache\/1\/small_image\/194x\/9df78eab33525d08d6e5fb8d27136e95\/s\/t\/stylecraft_saber_trimmer_metal_white_.png\" alt=\"StyleCraft Saber trimmer metal white\"\/><\/a><\/figure>\n\n\n\n<h3 class=\"wp-block-heading\"><a href=\"https:\/\/www.cortapelosyplanchas.com\/stylecraft-saber-trimmer-metal-white.html\">StyleCraft Saber trimmer metal white<\/a><\/h3>\n\n\n\n<p>Trimmer StyleCraft Saber White con motor digital brushless, cuerpo met&#8230;<\/p>\n\n\n\n<p>\u20ac&nbsp;179,00&nbsp;<\/p>\n\n\n\n<p>Si quieres apostar por una herramienta \u201cheavy metal\u201d en tu estaci\u00f3n, el <strong>kit StyleCraft Saber 2 &amp; Saber Trimmer<\/strong> es, sin duda, una de las inversiones m\u00e1s interesantes que puedes hacer este a\u00f1o para subir de nivel tu barber\u00eda.<\/p>\n","protected":false},"excerpt":{"rendered":"","protected":false},"author":1,"featured_media":3588,"comment_status":"closed","ping_status":"closed","sticky":false,"template":"","format":"standard","meta":{"footnotes":""},"categories":[2655,9,2131,409,2130,2147],"tags":[2042,2757,1989,2752,2219,2748,2749,2169,2754,2550,2753,2756,2743,2744,2742,2734,2758,2190,2755],"class_list":["post-3591","post","type-post","status-publish","format-standard","has-post-thumbnail","hentry","category-comparativas","category-httpwww-cortapelosyplanchas-com","category-marcas","category-novedades","category-stylecraft","category-trimmer","tag-barberia-profesional","tag-clipper-metalico","tag-clipper-profesional","tag-comparativa-stylecraft","tag-cortapelos-stylecraft","tag-cuchilla-echo","tag-deep-tooth","tag-herramientas-barberia","tag-maquinas-de-barberia-2025","tag-mejor-cortapelos-2025","tag-motor-digital-eon","tag-review-stylecraft-saber","tag-saber-ii","tag-saber-trimmer","tag-stylecraft-saber","tag-stylecraft-saber-2","tag-stylecraft-white-edition","tag-trimmer-profesional","tag-trimmer-stylecraft"],"yoast_head":"<!-- This site is optimized with the Yoast SEO plugin v27.4 - https:\/\/yoast.com\/product\/yoast-seo-wordpress\/ -->\n<title>StyleCraft Saber 2 y Saber Trimmer: An\u00e1lisis profesional 2025 del kit m\u00e1s potente en barber\u00eda<\/title>\n<meta name=\"description\" content=\"Descubre el an\u00e1lisis 2025 del kit StyleCraft Saber 2 y Saber Trimmer: motor EON, cuchilla Echo y cuerpo met\u00e1lico para un rendimiento profesional excepcional.\" \/>\n<meta name=\"robots\" content=\"index, follow, max-snippet:-1, max-image-preview:large, max-video-preview:-1\" \/>\n<link rel=\"canonical\" href=\"https:\/\/cortapelosyplanchas.com\/blog\/stylecraft-saber-2-y-saber-trimmer-analisis-profesional-2025-del-kit-mas-potente-en-barberia\/\" \/>\n<meta property=\"og:locale\" content=\"es_ES\" \/>\n<meta property=\"og:type\" content=\"article\" \/>\n<meta property=\"og:title\" content=\"StyleCraft Saber 2 y Saber Trimmer: An\u00e1lisis profesional 2025 del kit m\u00e1s potente en barber\u00eda\" \/>\n<meta property=\"og:description\" content=\"Descubre el an\u00e1lisis 2025 del kit StyleCraft Saber 2 y Saber Trimmer: motor EON, cuchilla Echo y cuerpo met\u00e1lico para un rendimiento profesional excepcional.\" \/>\n<meta property=\"og:url\" content=\"https:\/\/cortapelosyplanchas.com\/blog\/stylecraft-saber-2-y-saber-trimmer-analisis-profesional-2025-del-kit-mas-potente-en-barberia\/\" \/>\n<meta property=\"og:site_name\" content=\"Cortapelos y Planchas\" \/>\n<meta property=\"article:published_time\" content=\"2025-11-26T09:51:49+00:00\" \/>\n<meta property=\"article:modified_time\" content=\"2025-11-26T09:55:00+00:00\" \/>\n<meta property=\"og:image\" content=\"https:\/\/cortapelosyplanchas.com\/blog\/wp-content\/uploads\/2025\/11\/StyleCraft-kit-Saber-Clipper-II-White-Saber-White-trimmer.png\" \/>\n\t<meta property=\"og:image:width\" content=\"1024\" \/>\n\t<meta property=\"og:image:height\" content=\"1024\" \/>\n\t<meta property=\"og:image:type\" content=\"image\/png\" \/>\n<meta name=\"author\" content=\"admin\" \/>\n<meta name=\"twitter:card\" content=\"summary_large_image\" \/>\n<meta name=\"twitter:label1\" content=\"Escrito por\" \/>\n\t<meta name=\"twitter:data1\" content=\"admin\" \/>\n\t<meta name=\"twitter:label2\" content=\"Tiempo de lectura\" \/>\n\t<meta name=\"twitter:data2\" content=\"7 minutos\" \/>\n<script type=\"application\/ld+json\" class=\"yoast-schema-graph\">{\"@context\":\"https:\\\/\\\/schema.org\",\"@graph\":[{\"@type\":\"Article\",\"@id\":\"https:\\\/\\\/cortapelosyplanchas.com\\\/blog\\\/stylecraft-saber-2-y-saber-trimmer-analisis-profesional-2025-del-kit-mas-potente-en-barberia\\\/#article\",\"isPartOf\":{\"@id\":\"https:\\\/\\\/cortapelosyplanchas.com\\\/blog\\\/stylecraft-saber-2-y-saber-trimmer-analisis-profesional-2025-del-kit-mas-potente-en-barberia\\\/\"},\"author\":{\"name\":\"admin\",\"@id\":\"https:\\\/\\\/cortapelosyplanchas.com\\\/blog\\\/#\\\/schema\\\/person\\\/8d598e779c1fdcfef4c6b9af1a977f5d\"},\"headline\":\"StyleCraft Saber 2 y Saber Trimmer: An\u00e1lisis profesional 2025 del kit m\u00e1s potente en barber\u00eda\",\"datePublished\":\"2025-11-26T09:51:49+00:00\",\"dateModified\":\"2025-11-26T09:55:00+00:00\",\"mainEntityOfPage\":{\"@id\":\"https:\\\/\\\/cortapelosyplanchas.com\\\/blog\\\/stylecraft-saber-2-y-saber-trimmer-analisis-profesional-2025-del-kit-mas-potente-en-barberia\\\/\"},\"wordCount\":1375,\"image\":{\"@id\":\"https:\\\/\\\/cortapelosyplanchas.com\\\/blog\\\/stylecraft-saber-2-y-saber-trimmer-analisis-profesional-2025-del-kit-mas-potente-en-barberia\\\/#primaryimage\"},\"thumbnailUrl\":\"https:\\\/\\\/cortapelosyplanchas.com\\\/blog\\\/wp-content\\\/uploads\\\/2025\\\/11\\\/StyleCraft-kit-Saber-Clipper-II-White-Saber-White-trimmer.png\",\"keywords\":[\"barber\u00eda profesional\",\"clipper met\u00e1lico\",\"clipper profesional\",\"comparativa StyleCraft\",\"cortapelos StyleCraft\",\"cuchilla Echo\",\"deep tooth\",\"herramientas barber\u00eda\",\"m\u00e1quinas de barber\u00eda 2025\",\"mejor cortapelos 2025\",\"motor digital EON\",\"review StyleCraft Saber\",\"Saber II\",\"Saber Trimmer\",\"StyleCraft Saber\",\"StyleCraft Saber 2\",\"StyleCraft White Edition\",\"Trimmer profesional\",\"trimmer StyleCraft\"],\"articleSection\":[\"Comparativas\",\"Cortapelos\",\"Marcas\",\"Novedades\",\"Stylecraft\",\"Trimmer\"],\"inLanguage\":\"es\"},{\"@type\":\"WebPage\",\"@id\":\"https:\\\/\\\/cortapelosyplanchas.com\\\/blog\\\/stylecraft-saber-2-y-saber-trimmer-analisis-profesional-2025-del-kit-mas-potente-en-barberia\\\/\",\"url\":\"https:\\\/\\\/cortapelosyplanchas.com\\\/blog\\\/stylecraft-saber-2-y-saber-trimmer-analisis-profesional-2025-del-kit-mas-potente-en-barberia\\\/\",\"name\":\"StyleCraft Saber 2 y Saber Trimmer: An\u00e1lisis profesional 2025 del kit m\u00e1s potente en barber\u00eda\",\"isPartOf\":{\"@id\":\"https:\\\/\\\/cortapelosyplanchas.com\\\/blog\\\/#website\"},\"primaryImageOfPage\":{\"@id\":\"https:\\\/\\\/cortapelosyplanchas.com\\\/blog\\\/stylecraft-saber-2-y-saber-trimmer-analisis-profesional-2025-del-kit-mas-potente-en-barberia\\\/#primaryimage\"},\"image\":{\"@id\":\"https:\\\/\\\/cortapelosyplanchas.com\\\/blog\\\/stylecraft-saber-2-y-saber-trimmer-analisis-profesional-2025-del-kit-mas-potente-en-barberia\\\/#primaryimage\"},\"thumbnailUrl\":\"https:\\\/\\\/cortapelosyplanchas.com\\\/blog\\\/wp-content\\\/uploads\\\/2025\\\/11\\\/StyleCraft-kit-Saber-Clipper-II-White-Saber-White-trimmer.png\",\"datePublished\":\"2025-11-26T09:51:49+00:00\",\"dateModified\":\"2025-11-26T09:55:00+00:00\",\"author\":{\"@id\":\"https:\\\/\\\/cortapelosyplanchas.com\\\/blog\\\/#\\\/schema\\\/person\\\/8d598e779c1fdcfef4c6b9af1a977f5d\"},\"description\":\"Descubre el an\u00e1lisis 2025 del kit StyleCraft Saber 2 y Saber Trimmer: motor EON, cuchilla Echo y cuerpo met\u00e1lico para un rendimiento profesional excepcional.\",\"breadcrumb\":{\"@id\":\"https:\\\/\\\/cortapelosyplanchas.com\\\/blog\\\/stylecraft-saber-2-y-saber-trimmer-analisis-profesional-2025-del-kit-mas-potente-en-barberia\\\/#breadcrumb\"},\"inLanguage\":\"es\",\"potentialAction\":[{\"@type\":\"ReadAction\",\"target\":[\"https:\\\/\\\/cortapelosyplanchas.com\\\/blog\\\/stylecraft-saber-2-y-saber-trimmer-analisis-profesional-2025-del-kit-mas-potente-en-barberia\\\/\"]}]},{\"@type\":\"ImageObject\",\"inLanguage\":\"es\",\"@id\":\"https:\\\/\\\/cortapelosyplanchas.com\\\/blog\\\/stylecraft-saber-2-y-saber-trimmer-analisis-profesional-2025-del-kit-mas-potente-en-barberia\\\/#primaryimage\",\"url\":\"https:\\\/\\\/cortapelosyplanchas.com\\\/blog\\\/wp-content\\\/uploads\\\/2025\\\/11\\\/StyleCraft-kit-Saber-Clipper-II-White-Saber-White-trimmer.png\",\"contentUrl\":\"https:\\\/\\\/cortapelosyplanchas.com\\\/blog\\\/wp-content\\\/uploads\\\/2025\\\/11\\\/StyleCraft-kit-Saber-Clipper-II-White-Saber-White-trimmer.png\",\"width\":1024,\"height\":1024},{\"@type\":\"BreadcrumbList\",\"@id\":\"https:\\\/\\\/cortapelosyplanchas.com\\\/blog\\\/stylecraft-saber-2-y-saber-trimmer-analisis-profesional-2025-del-kit-mas-potente-en-barberia\\\/#breadcrumb\",\"itemListElement\":[{\"@type\":\"ListItem\",\"position\":1,\"name\":\"Portada\",\"item\":\"https:\\\/\\\/cortapelosyplanchas.com\\\/blog\\\/\"},{\"@type\":\"ListItem\",\"position\":2,\"name\":\"Comparativas\",\"item\":\"https:\\\/\\\/cortapelosyplanchas.com\\\/blog\\\/category\\\/comparativas\\\/\"},{\"@type\":\"ListItem\",\"position\":3,\"name\":\"StyleCraft Saber 2 y Saber Trimmer: An\u00e1lisis profesional 2025 del kit m\u00e1s potente en barber\u00eda\"}]},{\"@type\":\"WebSite\",\"@id\":\"https:\\\/\\\/cortapelosyplanchas.com\\\/blog\\\/#website\",\"url\":\"https:\\\/\\\/cortapelosyplanchas.com\\\/blog\\\/\",\"name\":\"Cortapelos y Planchas\",\"description\":\"Tienda online de productos profesionales para la barber\u00eda y peluquer\u00eda\",\"potentialAction\":[{\"@type\":\"SearchAction\",\"target\":{\"@type\":\"EntryPoint\",\"urlTemplate\":\"https:\\\/\\\/cortapelosyplanchas.com\\\/blog\\\/?s={search_term_string}\"},\"query-input\":{\"@type\":\"PropertyValueSpecification\",\"valueRequired\":true,\"valueName\":\"search_term_string\"}}],\"inLanguage\":\"es\"},{\"@type\":\"Person\",\"@id\":\"https:\\\/\\\/cortapelosyplanchas.com\\\/blog\\\/#\\\/schema\\\/person\\\/8d598e779c1fdcfef4c6b9af1a977f5d\",\"name\":\"admin\",\"image\":{\"@type\":\"ImageObject\",\"inLanguage\":\"es\",\"@id\":\"https:\\\/\\\/secure.gravatar.com\\\/avatar\\\/40514707bfd39d3804d4b44915d7ed2ec67df255ac2ef5884b698885f0278493?s=96&d=mm&r=g\",\"url\":\"https:\\\/\\\/secure.gravatar.com\\\/avatar\\\/40514707bfd39d3804d4b44915d7ed2ec67df255ac2ef5884b698885f0278493?s=96&d=mm&r=g\",\"contentUrl\":\"https:\\\/\\\/secure.gravatar.com\\\/avatar\\\/40514707bfd39d3804d4b44915d7ed2ec67df255ac2ef5884b698885f0278493?s=96&d=mm&r=g\",\"caption\":\"admin\"},\"url\":\"https:\\\/\\\/cortapelosyplanchas.com\\\/blog\\\/author\\\/admin\\\/\"}]}<\/script>\n<!-- \/ Yoast SEO plugin. -->","yoast_head_json":{"title":"StyleCraft Saber 2 y Saber Trimmer: An\u00e1lisis profesional 2025 del kit m\u00e1s potente en barber\u00eda","description":"Descubre el an\u00e1lisis 2025 del kit StyleCraft Saber 2 y Saber Trimmer: motor EON, cuchilla Echo y cuerpo met\u00e1lico para un rendimiento profesional excepcional.","robots":{"index":"index","follow":"follow","max-snippet":"max-snippet:-1","max-image-preview":"max-image-preview:large","max-video-preview":"max-video-preview:-1"},"canonical":"https:\/\/cortapelosyplanchas.com\/blog\/stylecraft-saber-2-y-saber-trimmer-analisis-profesional-2025-del-kit-mas-potente-en-barberia\/","og_locale":"es_ES","og_type":"article","og_title":"StyleCraft Saber 2 y Saber Trimmer: An\u00e1lisis profesional 2025 del kit m\u00e1s potente en barber\u00eda","og_description":"Descubre el an\u00e1lisis 2025 del kit StyleCraft Saber 2 y Saber Trimmer: motor EON, cuchilla Echo y cuerpo met\u00e1lico para un rendimiento profesional excepcional.","og_url":"https:\/\/cortapelosyplanchas.com\/blog\/stylecraft-saber-2-y-saber-trimmer-analisis-profesional-2025-del-kit-mas-potente-en-barberia\/","og_site_name":"Cortapelos y Planchas","article_published_time":"2025-11-26T09:51:49+00:00","article_modified_time":"2025-11-26T09:55:00+00:00","og_image":[{"width":1024,"height":1024,"url":"https:\/\/cortapelosyplanchas.com\/blog\/wp-content\/uploads\/2025\/11\/StyleCraft-kit-Saber-Clipper-II-White-Saber-White-trimmer.png","type":"image\/png"}],"author":"admin","twitter_card":"summary_large_image","twitter_misc":{"Escrito por":"admin","Tiempo de lectura":"7 minutos"},"schema":{"@context":"https:\/\/schema.org","@graph":[{"@type":"Article","@id":"https:\/\/cortapelosyplanchas.com\/blog\/stylecraft-saber-2-y-saber-trimmer-analisis-profesional-2025-del-kit-mas-potente-en-barberia\/#article","isPartOf":{"@id":"https:\/\/cortapelosyplanchas.com\/blog\/stylecraft-saber-2-y-saber-trimmer-analisis-profesional-2025-del-kit-mas-potente-en-barberia\/"},"author":{"name":"admin","@id":"https:\/\/cortapelosyplanchas.com\/blog\/#\/schema\/person\/8d598e779c1fdcfef4c6b9af1a977f5d"},"headline":"StyleCraft Saber 2 y Saber Trimmer: An\u00e1lisis profesional 2025 del kit m\u00e1s potente en barber\u00eda","datePublished":"2025-11-26T09:51:49+00:00","dateModified":"2025-11-26T09:55:00+00:00","mainEntityOfPage":{"@id":"https:\/\/cortapelosyplanchas.com\/blog\/stylecraft-saber-2-y-saber-trimmer-analisis-profesional-2025-del-kit-mas-potente-en-barberia\/"},"wordCount":1375,"image":{"@id":"https:\/\/cortapelosyplanchas.com\/blog\/stylecraft-saber-2-y-saber-trimmer-analisis-profesional-2025-del-kit-mas-potente-en-barberia\/#primaryimage"},"thumbnailUrl":"https:\/\/cortapelosyplanchas.com\/blog\/wp-content\/uploads\/2025\/11\/StyleCraft-kit-Saber-Clipper-II-White-Saber-White-trimmer.png","keywords":["barber\u00eda profesional","clipper met\u00e1lico","clipper profesional","comparativa StyleCraft","cortapelos StyleCraft","cuchilla Echo","deep tooth","herramientas barber\u00eda","m\u00e1quinas de barber\u00eda 2025","mejor cortapelos 2025","motor digital EON","review StyleCraft Saber","Saber II","Saber Trimmer","StyleCraft Saber","StyleCraft Saber 2","StyleCraft White Edition","Trimmer profesional","trimmer StyleCraft"],"articleSection":["Comparativas","Cortapelos","Marcas","Novedades","Stylecraft","Trimmer"],"inLanguage":"es"},{"@type":"WebPage","@id":"https:\/\/cortapelosyplanchas.com\/blog\/stylecraft-saber-2-y-saber-trimmer-analisis-profesional-2025-del-kit-mas-potente-en-barberia\/","url":"https:\/\/cortapelosyplanchas.com\/blog\/stylecraft-saber-2-y-saber-trimmer-analisis-profesional-2025-del-kit-mas-potente-en-barberia\/","name":"StyleCraft Saber 2 y Saber Trimmer: An\u00e1lisis profesional 2025 del kit m\u00e1s potente en barber\u00eda","isPartOf":{"@id":"https:\/\/cortapelosyplanchas.com\/blog\/#website"},"primaryImageOfPage":{"@id":"https:\/\/cortapelosyplanchas.com\/blog\/stylecraft-saber-2-y-saber-trimmer-analisis-profesional-2025-del-kit-mas-potente-en-barberia\/#primaryimage"},"image":{"@id":"https:\/\/cortapelosyplanchas.com\/blog\/stylecraft-saber-2-y-saber-trimmer-analisis-profesional-2025-del-kit-mas-potente-en-barberia\/#primaryimage"},"thumbnailUrl":"https:\/\/cortapelosyplanchas.com\/blog\/wp-content\/uploads\/2025\/11\/StyleCraft-kit-Saber-Clipper-II-White-Saber-White-trimmer.png","datePublished":"2025-11-26T09:51:49+00:00","dateModified":"2025-11-26T09:55:00+00:00","author":{"@id":"https:\/\/cortapelosyplanchas.com\/blog\/#\/schema\/person\/8d598e779c1fdcfef4c6b9af1a977f5d"},"description":"Descubre el an\u00e1lisis 2025 del kit StyleCraft Saber 2 y Saber Trimmer: motor EON, cuchilla Echo y cuerpo met\u00e1lico para un rendimiento profesional excepcional.","breadcrumb":{"@id":"https:\/\/cortapelosyplanchas.com\/blog\/stylecraft-saber-2-y-saber-trimmer-analisis-profesional-2025-del-kit-mas-potente-en-barberia\/#breadcrumb"},"inLanguage":"es","potentialAction":[{"@type":"ReadAction","target":["https:\/\/cortapelosyplanchas.com\/blog\/stylecraft-saber-2-y-saber-trimmer-analisis-profesional-2025-del-kit-mas-potente-en-barberia\/"]}]},{"@type":"ImageObject","inLanguage":"es","@id":"https:\/\/cortapelosyplanchas.com\/blog\/stylecraft-saber-2-y-saber-trimmer-analisis-profesional-2025-del-kit-mas-potente-en-barberia\/#primaryimage","url":"https:\/\/cortapelosyplanchas.com\/blog\/wp-content\/uploads\/2025\/11\/StyleCraft-kit-Saber-Clipper-II-White-Saber-White-trimmer.png","contentUrl":"https:\/\/cortapelosyplanchas.com\/blog\/wp-content\/uploads\/2025\/11\/StyleCraft-kit-Saber-Clipper-II-White-Saber-White-trimmer.png","width":1024,"height":1024},{"@type":"BreadcrumbList","@id":"https:\/\/cortapelosyplanchas.com\/blog\/stylecraft-saber-2-y-saber-trimmer-analisis-profesional-2025-del-kit-mas-potente-en-barberia\/#breadcrumb","itemListElement":[{"@type":"ListItem","position":1,"name":"Portada","item":"https:\/\/cortapelosyplanchas.com\/blog\/"},{"@type":"ListItem","position":2,"name":"Comparativas","item":"https:\/\/cortapelosyplanchas.com\/blog\/category\/comparativas\/"},{"@type":"ListItem","position":3,"name":"StyleCraft Saber 2 y Saber Trimmer: An\u00e1lisis profesional 2025 del kit m\u00e1s potente en barber\u00eda"}]},{"@type":"WebSite","@id":"https:\/\/cortapelosyplanchas.com\/blog\/#website","url":"https:\/\/cortapelosyplanchas.com\/blog\/","name":"Cortapelos y Planchas","description":"Tienda online de productos profesionales para la barber\u00eda y peluquer\u00eda","potentialAction":[{"@type":"SearchAction","target":{"@type":"EntryPoint","urlTemplate":"https:\/\/cortapelosyplanchas.com\/blog\/?s={search_term_string}"},"query-input":{"@type":"PropertyValueSpecification","valueRequired":true,"valueName":"search_term_string"}}],"inLanguage":"es"},{"@type":"Person","@id":"https:\/\/cortapelosyplanchas.com\/blog\/#\/schema\/person\/8d598e779c1fdcfef4c6b9af1a977f5d","name":"admin","image":{"@type":"ImageObject","inLanguage":"es","@id":"https:\/\/secure.gravatar.com\/avatar\/40514707bfd39d3804d4b44915d7ed2ec67df255ac2ef5884b698885f0278493?s=96&d=mm&r=g","url":"https:\/\/secure.gravatar.com\/avatar\/40514707bfd39d3804d4b44915d7ed2ec67df255ac2ef5884b698885f0278493?s=96&d=mm&r=g","contentUrl":"https:\/\/secure.gravatar.com\/avatar\/40514707bfd39d3804d4b44915d7ed2ec67df255ac2ef5884b698885f0278493?s=96&d=mm&r=g","caption":"admin"},"url":"https:\/\/cortapelosyplanchas.com\/blog\/author\/admin\/"}]}},"_links":{"self":[{"href":"https:\/\/cortapelosyplanchas.com\/blog\/wp-json\/wp\/v2\/posts\/3591","targetHints":{"allow":["GET"]}}],"collection":[{"href":"https:\/\/cortapelosyplanchas.com\/blog\/wp-json\/wp\/v2\/posts"}],"about":[{"href":"https:\/\/cortapelosyplanchas.com\/blog\/wp-json\/wp\/v2\/types\/post"}],"author":[{"embeddable":true,"href":"https:\/\/cortapelosyplanchas.com\/blog\/wp-json\/wp\/v2\/users\/1"}],"replies":[{"embeddable":true,"href":"https:\/\/cortapelosyplanchas.com\/blog\/wp-json\/wp\/v2\/comments?post=3591"}],"version-history":[{"count":1,"href":"https:\/\/cortapelosyplanchas.com\/blog\/wp-json\/wp\/v2\/posts\/3591\/revisions"}],"predecessor-version":[{"id":3592,"href":"https:\/\/cortapelosyplanchas.com\/blog\/wp-json\/wp\/v2\/posts\/3591\/revisions\/3592"}],"wp:featuredmedia":[{"embeddable":true,"href":"https:\/\/cortapelosyplanchas.com\/blog\/wp-json\/wp\/v2\/media\/3588"}],"wp:attachment":[{"href":"https:\/\/cortapelosyplanchas.com\/blog\/wp-json\/wp\/v2\/media?parent=3591"}],"wp:term":[{"taxonomy":"category","embeddable":true,"href":"https:\/\/cortapelosyplanchas.com\/blog\/wp-json\/wp\/v2\/categories?post=3591"},{"taxonomy":"post_tag","embeddable":true,"href":"https:\/\/cortapelosyplanchas.com\/blog\/wp-json\/wp\/v2\/tags?post=3591"}],"curies":[{"name":"wp","href":"https:\/\/api.w.org\/{rel}","templated":true}]}}