{"id":3581,"date":"2025-11-24T12:32:57","date_gmt":"2025-11-24T11:32:57","guid":{"rendered":"https:\/\/cortapelosyplanchas.com\/blog\/?p=3581"},"modified":"2025-11-24T12:32:57","modified_gmt":"2025-11-24T11:32:57","slug":"black-friday-2025-en-clippers-profesionales-las-mejores-ofertas-en-maquinas-de-corte","status":"publish","type":"post","link":"https:\/\/cortapelosyplanchas.com\/blog\/black-friday-2025-en-clippers-profesionales-las-mejores-ofertas-en-maquinas-de-corte\/","title":{"rendered":"Black Friday 2025 en Clippers Profesionales: Las mejores ofertas en m\u00e1quinas de corte"},"content":{"rendered":"\n<!--more-->\n\n\n\n<h1 class=\"wp-block-heading\">Black Friday 2025 en Clippers Profesionales: Las mejores ofertas en m\u00e1quinas de corte<\/h1>\n\n\n\n<p>Ha llegado el momento m\u00e1s esperado del a\u00f1o para barberos y peluqueros: el Black Friday 2025 ya est\u00e1 disponible en <strong>cortapelosyplanchas.com<\/strong>. Durante estos d\u00edas encontrar\u00e1s <strong>descuentos exclusivos<\/strong>, <strong>packs especiales<\/strong> y ofertas limitadas en las m\u00e1quinas de corte profesionales m\u00e1s potentes del mercado.<\/p>\n\n\n\n<p>Si estabas pensando en renovar tu clipper, mejorar tu estaci\u00f3n de trabajo o invertir en herramientas premium, este es el mejor momento para hacerlo.<\/p>\n\n\n\n<p>Descuentos especiales Black Friday ya disponibles<a href=\"https:\/\/www.cortapelosyplanchas.com\/packs\/black-friday-barberia-y-peluqueria-2025.html\">Ver Packs Black Friday Clippers<\/a><\/p>\n\n\n\n<hr class=\"wp-block-separator has-alpha-channel-opacity\"\/>\n\n\n\n<h2 class=\"wp-block-heading\">1. Clippers profesionales: lo m\u00e1s buscado este Black Friday<\/h2>\n\n\n\n<p>Las m\u00e1quinas de corte son la herramienta principal de cualquier barbero. Este a\u00f1o destacan los clippers con:<\/p>\n\n\n\n<ul class=\"wp-block-list\">\n<li>Motores magn\u00e9ticos o vectoriales de alta velocidad<\/li>\n\n\n\n<li>Cuchillas Faper, Fade o DLC de precisi\u00f3n extrema<\/li>\n\n\n\n<li>Bater\u00edas largas con cargas r\u00e1pidas<\/li>\n\n\n\n<li>Ergonom\u00eda ligera para uso intensivo<\/li>\n\n\n\n<li>Peines premium y carcasas intercambiables<\/li>\n<\/ul>\n\n\n\n<p>Los packs de Black Friday incluyen combinaciones \u00fanicas con m\u00e1quinas, peines premium, trimmers y accesorios con precios que no volver\u00e1n a repetirse este a\u00f1o.<\/p>\n\n\n\n<hr class=\"wp-block-separator has-alpha-channel-opacity\"\/>\n\n\n\n<h2 class=\"wp-block-heading\">2. Los mejores Clipper Deals del Black Friday 2025<\/h2>\n\n\n\n<p>En la secci\u00f3n Black Friday de la web encontrar\u00e1s diferentes packs preparados espec\u00edficamente para profesionales. Entre ellos:<\/p>\n\n\n\n<h3 class=\"wp-block-heading\">JRL Fresh Fade 2020C \u2013 El clipper m\u00e1s suave del mercado<\/h3>\n\n\n\n<p>Perfecto para fades y para trabajar durante horas gracias a su baja vibraci\u00f3n y corte uniforme. Disponible en packs con trimmer y shaver.<\/p>\n\n\n\n<h3 class=\"wp-block-heading\">StyleCraft Instinct Clipper \u2013 Potencia magn\u00e9tica extrema<\/h3>\n\n\n\n<p>Uno de los clippers m\u00e1s r\u00e1pidos y potentes del momento. Corte fr\u00edo, cuchilla Faper y tres carcasas incluidas.<\/p>\n\n\n\n<h3 class=\"wp-block-heading\">Gamma Piu Boosted \u2013 Equilibrio total y peines premium<\/h3>\n\n\n\n<p>M\u00e1quina profesional todoterreno con potencia muy estable. Incluye carcasas y peines premium en muchos de los packs Black Friday.<\/p>\n\n\n\n<h3 class=\"wp-block-heading\">Wahl Legend Cordless \u2013 La cl\u00e1sica reinventada<\/h3>\n\n\n\n<p>Motor profesional Wahl, cuchilla Crunch Blade y peines premium. Un cl\u00e1sico imprescindible en barber\u00eda.<\/p>\n\n\n\n<h3 class=\"wp-block-heading\">Lim Hair Devourer 15K \u2013 La m\u00e1s r\u00e1pida<\/h3>\n\n\n\n<p>15.000 r. p. m. reales. Ideal para barberos de gran volumen o que buscan m\u00e1xima rapidez en cortes.<\/p>\n\n\n\n<hr class=\"wp-block-separator has-alpha-channel-opacity\"\/>\n\n\n\n<h2 class=\"wp-block-heading\">3. Packs Black Friday exclusivos: m\u00e1s ahorro, m\u00e1s contenido<\/h2>\n\n\n\n<p>Durante estos d\u00edas, puedes encontrar packs especiales que incluyen:<\/p>\n\n\n\n<ul class=\"wp-block-list\">\n<li>Clippers profesionales<\/li>\n\n\n\n<li>Trimmers y shavers combinados<\/li>\n\n\n\n<li>Peines premium reforzados<\/li>\n\n\n\n<li>Cuchillas de repuesto<\/li>\n\n\n\n<li>Sprays refrigerantes y aceites<\/li>\n<\/ul>\n\n\n\n<p>Estos packs han sido preparados \u00fanicamente para el periodo del <strong>Black Friday 2025<\/strong> y solo estar\u00e1n disponibles hasta agotar existencias o hasta el 7 de diciembre.<\/p>\n\n\n\n<p><a href=\"https:\/\/www.cortapelosyplanchas.com\/packs\/black-friday-barberia-y-peluqueria-2025.html\"><strong>Ver todos los packs Black Friday Barber\u00eda y Peluquer\u00eda<\/strong><\/a><\/p>\n\n\n\n<hr class=\"wp-block-separator has-alpha-channel-opacity\"\/>\n\n\n\n<h2 class=\"wp-block-heading\">4. Aprovecha los cupones exclusivos Black Friday<\/h2>\n\n\n\n<p>Adem\u00e1s de los packs con descuento, durante estos d\u00edas puedes utilizar:<\/p>\n\n\n\n<ul class=\"wp-block-list\">\n<li><strong>BLACKFRIDAY10<\/strong>: descuento de 10 \u20ac en pedidos +100 \u20ac<\/li>\n\n\n\n<li><strong>BLACKFRIDAY5<\/strong>: descuento de 5 \u20ac en pedidos +50 \u20ac<\/li>\n<\/ul>\n\n\n\n<p>Estos cupones se aplican autom\u00e1ticamente en el carrito y son acumulables a las ofertas ya marcadas.<\/p>\n\n\n\n<hr class=\"wp-block-separator has-alpha-channel-opacity\"\/>\n\n\n\n<h2 class=\"wp-block-heading\">5. Accesorios recomendados para mejorar tu clipper<\/h2>\n\n\n\n<p>Para que tu m\u00e1quina rinda al m\u00e1ximo, durante Black Friday tambi\u00e9n puedes aprovechar descuentos en:<\/p>\n\n\n\n<ul class=\"wp-block-list\">\n<li><a href=\"https:\/\/www.cortapelosyplanchas.com\/cortapelos\/accesorios\/cuchillas.html\">Cuchillas profesionales<\/a><\/li>\n\n\n\n<li><a href=\"https:\/\/www.cortapelosyplanchas.com\/cortapelos\/accesorios\/aceites.html\">Aceites lubricantes<\/a><\/li>\n\n\n\n<li><a href=\"https:\/\/www.cortapelosyplanchas.com\/cortapelos\/accesorios\/desinfectantes.html\">Desinfectantes<\/a><\/li>\n\n\n\n<li><a href=\"https:\/\/www.cortapelosyplanchas.com\/cortapelos\/accesorios\/peines.html\">Peines premium<\/a><\/li>\n<\/ul>\n\n\n\n<hr class=\"wp-block-separator has-alpha-channel-opacity\"\/>\n\n\n\n<h2 class=\"wp-block-heading\">Conclusi\u00f3n<\/h2>\n\n\n\n<p>El Black Friday 2025 es la mejor oportunidad del a\u00f1o para renovar tus m\u00e1quinas de corte y hacerte con clippers profesionales de marcas top al mejor precio. Tanto si buscas m\u00e1s potencia, m\u00e1s suavidad, m\u00e1s precisi\u00f3n o simplemente un cambio de herramienta, en cortapelosyplanchas.com tienes las mejores opciones disponibles.<\/p>\n\n\n\n<p>Consulta todas las ofertas aqu\u00ed: <a href=\"https:\/\/www.cortapelosyplanchas.com\/packs\/black-friday-barberia-y-peluqueria-2025.html\"><strong>Packs Black Friday Barber\u00eda y Peluquer\u00eda<\/strong><\/a><\/p>\n","protected":false},"excerpt":{"rendered":"","protected":false},"author":1,"featured_media":3582,"comment_status":"closed","ping_status":"closed","sticky":false,"template":"","format":"standard","meta":{"footnotes":""},"categories":[9,1,440],"tags":[2720,2722,2042,2711,1789,1791,2705,2708,2717,2715,2709,2217,2716,2045,2278,62,2721,2718,2723,2719,1948,1990,2706,2707,2713,2714,2712,2689,2710,2437],"class_list":["post-3581","post","type-post","status-publish","format-standard","has-post-thumbnail","hentry","category-httpwww-cortapelosyplanchas-com","category-uncategorized","category-ofertas-y-rebajas","tag-accesorios-de-corte","tag-aceites-para-maquinas","tag-barberia-profesional","tag-black-friday-2025","tag-black-friday-barberia","tag-black-friday-peluqueria","tag-clippers-2025","tag-clippers-black-friday","tag-clippers-gamma-piu","tag-clippers-jrl","tag-clippers-premium","tag-clippers-profesionales","tag-clippers-stylecraft","tag-clippers-wahl","tag-cortapelos-2025","tag-cortapelos-profesionales","tag-cuchillas-profesionales","tag-degradados","tag-desinfectantes-barberia","tag-fades-profesionales","tag-herramientas-de-barberia","tag-maquinas-de-corte","tag-maquinas-de-corte-black-friday","tag-maquinas-de-corte-profesionales","tag-ofertas-barberia","tag-ofertas-peluqueria","tag-packs-black-friday","tag-peines-premium","tag-rebajas-barberia-2025","tag-trimmers-profesionales"],"yoast_head":"<!-- This site is optimized with the Yoast SEO plugin v27.4 - https:\/\/yoast.com\/product\/yoast-seo-wordpress\/ -->\n<title>Black Friday 2025 en Clippers: mejores ofertas en m\u00e1quinas de corte profesionales<\/title>\n<meta name=\"description\" content=\"Descubre las mejores ofertas Black Friday 2025 en m\u00e1quinas de corte profesionales. Clippers premium, packs exclusivos y descuentos limitados para barber\u00eda y peluquer\u00eda.\" \/>\n<meta name=\"robots\" content=\"index, follow, max-snippet:-1, max-image-preview:large, max-video-preview:-1\" \/>\n<link rel=\"canonical\" href=\"https:\/\/cortapelosyplanchas.com\/blog\/black-friday-2025-en-clippers-profesionales-las-mejores-ofertas-en-maquinas-de-corte\/\" \/>\n<meta property=\"og:locale\" content=\"es_ES\" \/>\n<meta property=\"og:type\" content=\"article\" \/>\n<meta property=\"og:title\" content=\"Black Friday 2025 en Clippers: mejores ofertas en m\u00e1quinas de corte profesionales\" \/>\n<meta property=\"og:description\" content=\"Descubre las mejores ofertas Black Friday 2025 en m\u00e1quinas de corte profesionales. Clippers premium, packs exclusivos y descuentos limitados para barber\u00eda y peluquer\u00eda.\" \/>\n<meta property=\"og:url\" content=\"https:\/\/cortapelosyplanchas.com\/blog\/black-friday-2025-en-clippers-profesionales-las-mejores-ofertas-en-maquinas-de-corte\/\" \/>\n<meta property=\"og:site_name\" content=\"Cortapelos y Planchas\" \/>\n<meta property=\"article:published_time\" content=\"2025-11-24T11:32:57+00:00\" \/>\n<meta property=\"og:image\" content=\"https:\/\/cortapelosyplanchas.com\/blog\/wp-content\/uploads\/2025\/11\/black-friday-clippers-barberia.png\" \/>\n\t<meta property=\"og:image:width\" content=\"1024\" \/>\n\t<meta property=\"og:image:height\" content=\"1024\" \/>\n\t<meta property=\"og:image:type\" content=\"image\/png\" \/>\n<meta name=\"author\" content=\"admin\" \/>\n<meta name=\"twitter:card\" content=\"summary_large_image\" \/>\n<meta name=\"twitter:label1\" content=\"Escrito por\" \/>\n\t<meta name=\"twitter:data1\" content=\"admin\" \/>\n\t<meta name=\"twitter:label2\" content=\"Tiempo de lectura\" \/>\n\t<meta name=\"twitter:data2\" content=\"3 minutos\" \/>\n<script type=\"application\/ld+json\" class=\"yoast-schema-graph\">{\"@context\":\"https:\\\/\\\/schema.org\",\"@graph\":[{\"@type\":\"Article\",\"@id\":\"https:\\\/\\\/cortapelosyplanchas.com\\\/blog\\\/black-friday-2025-en-clippers-profesionales-las-mejores-ofertas-en-maquinas-de-corte\\\/#article\",\"isPartOf\":{\"@id\":\"https:\\\/\\\/cortapelosyplanchas.com\\\/blog\\\/black-friday-2025-en-clippers-profesionales-las-mejores-ofertas-en-maquinas-de-corte\\\/\"},\"author\":{\"name\":\"admin\",\"@id\":\"https:\\\/\\\/cortapelosyplanchas.com\\\/blog\\\/#\\\/schema\\\/person\\\/8d598e779c1fdcfef4c6b9af1a977f5d\"},\"headline\":\"Black Friday 2025 en Clippers Profesionales: Las mejores ofertas en m\u00e1quinas de corte\",\"datePublished\":\"2025-11-24T11:32:57+00:00\",\"mainEntityOfPage\":{\"@id\":\"https:\\\/\\\/cortapelosyplanchas.com\\\/blog\\\/black-friday-2025-en-clippers-profesionales-las-mejores-ofertas-en-maquinas-de-corte\\\/\"},\"wordCount\":586,\"image\":{\"@id\":\"https:\\\/\\\/cortapelosyplanchas.com\\\/blog\\\/black-friday-2025-en-clippers-profesionales-las-mejores-ofertas-en-maquinas-de-corte\\\/#primaryimage\"},\"thumbnailUrl\":\"https:\\\/\\\/cortapelosyplanchas.com\\\/blog\\\/wp-content\\\/uploads\\\/2025\\\/11\\\/black-friday-clippers-barberia.png\",\"keywords\":[\"Accesorios de Corte\",\"Aceites para M\u00e1quinas\",\"barber\u00eda profesional\",\"Black Friday 2025\",\"Black Friday barber\u00eda\",\"Black Friday peluquer\u00eda\",\"Clippers 2025\",\"Clippers Black Friday\",\"Clippers Gamma Piu\",\"Clippers JRL\",\"Clippers Premium\",\"clippers profesionales\",\"Clippers StyleCraft\",\"clippers Wahl\",\"cortapelos 2025\",\"cortapelos profesionales\",\"Cuchillas Profesionales\",\"Degradados\",\"Desinfectantes Barber\u00eda\",\"Fades Profesionales\",\"herramientas de barber\u00eda\",\"m\u00e1quinas de corte\",\"M\u00e1quinas de Corte Black Friday\",\"M\u00e1quinas de Corte Profesionales\",\"Ofertas Barber\u00eda\",\"Ofertas Peluquer\u00eda\",\"Packs Black Friday\",\"peines premium\",\"Rebajas Barber\u00eda 2025\",\"trimmers profesionales\"],\"articleSection\":[\"Cortapelos\",\"General\",\"Ofertas y rebajas\"],\"inLanguage\":\"es\"},{\"@type\":\"WebPage\",\"@id\":\"https:\\\/\\\/cortapelosyplanchas.com\\\/blog\\\/black-friday-2025-en-clippers-profesionales-las-mejores-ofertas-en-maquinas-de-corte\\\/\",\"url\":\"https:\\\/\\\/cortapelosyplanchas.com\\\/blog\\\/black-friday-2025-en-clippers-profesionales-las-mejores-ofertas-en-maquinas-de-corte\\\/\",\"name\":\"Black Friday 2025 en Clippers: mejores ofertas en m\u00e1quinas de corte profesionales\",\"isPartOf\":{\"@id\":\"https:\\\/\\\/cortapelosyplanchas.com\\\/blog\\\/#website\"},\"primaryImageOfPage\":{\"@id\":\"https:\\\/\\\/cortapelosyplanchas.com\\\/blog\\\/black-friday-2025-en-clippers-profesionales-las-mejores-ofertas-en-maquinas-de-corte\\\/#primaryimage\"},\"image\":{\"@id\":\"https:\\\/\\\/cortapelosyplanchas.com\\\/blog\\\/black-friday-2025-en-clippers-profesionales-las-mejores-ofertas-en-maquinas-de-corte\\\/#primaryimage\"},\"thumbnailUrl\":\"https:\\\/\\\/cortapelosyplanchas.com\\\/blog\\\/wp-content\\\/uploads\\\/2025\\\/11\\\/black-friday-clippers-barberia.png\",\"datePublished\":\"2025-11-24T11:32:57+00:00\",\"author\":{\"@id\":\"https:\\\/\\\/cortapelosyplanchas.com\\\/blog\\\/#\\\/schema\\\/person\\\/8d598e779c1fdcfef4c6b9af1a977f5d\"},\"description\":\"Descubre las mejores ofertas Black Friday 2025 en m\u00e1quinas de corte profesionales. Clippers premium, packs exclusivos y descuentos limitados para barber\u00eda y peluquer\u00eda.\",\"breadcrumb\":{\"@id\":\"https:\\\/\\\/cortapelosyplanchas.com\\\/blog\\\/black-friday-2025-en-clippers-profesionales-las-mejores-ofertas-en-maquinas-de-corte\\\/#breadcrumb\"},\"inLanguage\":\"es\",\"potentialAction\":[{\"@type\":\"ReadAction\",\"target\":[\"https:\\\/\\\/cortapelosyplanchas.com\\\/blog\\\/black-friday-2025-en-clippers-profesionales-las-mejores-ofertas-en-maquinas-de-corte\\\/\"]}]},{\"@type\":\"ImageObject\",\"inLanguage\":\"es\",\"@id\":\"https:\\\/\\\/cortapelosyplanchas.com\\\/blog\\\/black-friday-2025-en-clippers-profesionales-las-mejores-ofertas-en-maquinas-de-corte\\\/#primaryimage\",\"url\":\"https:\\\/\\\/cortapelosyplanchas.com\\\/blog\\\/wp-content\\\/uploads\\\/2025\\\/11\\\/black-friday-clippers-barberia.png\",\"contentUrl\":\"https:\\\/\\\/cortapelosyplanchas.com\\\/blog\\\/wp-content\\\/uploads\\\/2025\\\/11\\\/black-friday-clippers-barberia.png\",\"width\":1024,\"height\":1024},{\"@type\":\"BreadcrumbList\",\"@id\":\"https:\\\/\\\/cortapelosyplanchas.com\\\/blog\\\/black-friday-2025-en-clippers-profesionales-las-mejores-ofertas-en-maquinas-de-corte\\\/#breadcrumb\",\"itemListElement\":[{\"@type\":\"ListItem\",\"position\":1,\"name\":\"Portada\",\"item\":\"https:\\\/\\\/cortapelosyplanchas.com\\\/blog\\\/\"},{\"@type\":\"ListItem\",\"position\":2,\"name\":\"General\",\"item\":\"https:\\\/\\\/cortapelosyplanchas.com\\\/blog\\\/category\\\/uncategorized\\\/\"},{\"@type\":\"ListItem\",\"position\":3,\"name\":\"Black Friday 2025 en Clippers Profesionales: Las mejores ofertas en m\u00e1quinas de corte\"}]},{\"@type\":\"WebSite\",\"@id\":\"https:\\\/\\\/cortapelosyplanchas.com\\\/blog\\\/#website\",\"url\":\"https:\\\/\\\/cortapelosyplanchas.com\\\/blog\\\/\",\"name\":\"Cortapelos y Planchas\",\"description\":\"Tienda online de productos profesionales para la barber\u00eda y peluquer\u00eda\",\"potentialAction\":[{\"@type\":\"SearchAction\",\"target\":{\"@type\":\"EntryPoint\",\"urlTemplate\":\"https:\\\/\\\/cortapelosyplanchas.com\\\/blog\\\/?s={search_term_string}\"},\"query-input\":{\"@type\":\"PropertyValueSpecification\",\"valueRequired\":true,\"valueName\":\"search_term_string\"}}],\"inLanguage\":\"es\"},{\"@type\":\"Person\",\"@id\":\"https:\\\/\\\/cortapelosyplanchas.com\\\/blog\\\/#\\\/schema\\\/person\\\/8d598e779c1fdcfef4c6b9af1a977f5d\",\"name\":\"admin\",\"image\":{\"@type\":\"ImageObject\",\"inLanguage\":\"es\",\"@id\":\"https:\\\/\\\/secure.gravatar.com\\\/avatar\\\/40514707bfd39d3804d4b44915d7ed2ec67df255ac2ef5884b698885f0278493?s=96&d=mm&r=g\",\"url\":\"https:\\\/\\\/secure.gravatar.com\\\/avatar\\\/40514707bfd39d3804d4b44915d7ed2ec67df255ac2ef5884b698885f0278493?s=96&d=mm&r=g\",\"contentUrl\":\"https:\\\/\\\/secure.gravatar.com\\\/avatar\\\/40514707bfd39d3804d4b44915d7ed2ec67df255ac2ef5884b698885f0278493?s=96&d=mm&r=g\",\"caption\":\"admin\"},\"url\":\"https:\\\/\\\/cortapelosyplanchas.com\\\/blog\\\/author\\\/admin\\\/\"}]}<\/script>\n<!-- \/ Yoast SEO plugin. -->","yoast_head_json":{"title":"Black Friday 2025 en Clippers: mejores ofertas en m\u00e1quinas de corte profesionales","description":"Descubre las mejores ofertas Black Friday 2025 en m\u00e1quinas de corte profesionales. Clippers premium, packs exclusivos y descuentos limitados para barber\u00eda y peluquer\u00eda.","robots":{"index":"index","follow":"follow","max-snippet":"max-snippet:-1","max-image-preview":"max-image-preview:large","max-video-preview":"max-video-preview:-1"},"canonical":"https:\/\/cortapelosyplanchas.com\/blog\/black-friday-2025-en-clippers-profesionales-las-mejores-ofertas-en-maquinas-de-corte\/","og_locale":"es_ES","og_type":"article","og_title":"Black Friday 2025 en Clippers: mejores ofertas en m\u00e1quinas de corte profesionales","og_description":"Descubre las mejores ofertas Black Friday 2025 en m\u00e1quinas de corte profesionales. Clippers premium, packs exclusivos y descuentos limitados para barber\u00eda y peluquer\u00eda.","og_url":"https:\/\/cortapelosyplanchas.com\/blog\/black-friday-2025-en-clippers-profesionales-las-mejores-ofertas-en-maquinas-de-corte\/","og_site_name":"Cortapelos y Planchas","article_published_time":"2025-11-24T11:32:57+00:00","og_image":[{"width":1024,"height":1024,"url":"https:\/\/cortapelosyplanchas.com\/blog\/wp-content\/uploads\/2025\/11\/black-friday-clippers-barberia.png","type":"image\/png"}],"author":"admin","twitter_card":"summary_large_image","twitter_misc":{"Escrito por":"admin","Tiempo de lectura":"3 minutos"},"schema":{"@context":"https:\/\/schema.org","@graph":[{"@type":"Article","@id":"https:\/\/cortapelosyplanchas.com\/blog\/black-friday-2025-en-clippers-profesionales-las-mejores-ofertas-en-maquinas-de-corte\/#article","isPartOf":{"@id":"https:\/\/cortapelosyplanchas.com\/blog\/black-friday-2025-en-clippers-profesionales-las-mejores-ofertas-en-maquinas-de-corte\/"},"author":{"name":"admin","@id":"https:\/\/cortapelosyplanchas.com\/blog\/#\/schema\/person\/8d598e779c1fdcfef4c6b9af1a977f5d"},"headline":"Black Friday 2025 en Clippers Profesionales: Las mejores ofertas en m\u00e1quinas de corte","datePublished":"2025-11-24T11:32:57+00:00","mainEntityOfPage":{"@id":"https:\/\/cortapelosyplanchas.com\/blog\/black-friday-2025-en-clippers-profesionales-las-mejores-ofertas-en-maquinas-de-corte\/"},"wordCount":586,"image":{"@id":"https:\/\/cortapelosyplanchas.com\/blog\/black-friday-2025-en-clippers-profesionales-las-mejores-ofertas-en-maquinas-de-corte\/#primaryimage"},"thumbnailUrl":"https:\/\/cortapelosyplanchas.com\/blog\/wp-content\/uploads\/2025\/11\/black-friday-clippers-barberia.png","keywords":["Accesorios de Corte","Aceites para M\u00e1quinas","barber\u00eda profesional","Black Friday 2025","Black Friday barber\u00eda","Black Friday peluquer\u00eda","Clippers 2025","Clippers Black Friday","Clippers Gamma Piu","Clippers JRL","Clippers Premium","clippers profesionales","Clippers StyleCraft","clippers Wahl","cortapelos 2025","cortapelos profesionales","Cuchillas Profesionales","Degradados","Desinfectantes Barber\u00eda","Fades Profesionales","herramientas de barber\u00eda","m\u00e1quinas de corte","M\u00e1quinas de Corte Black Friday","M\u00e1quinas de Corte Profesionales","Ofertas Barber\u00eda","Ofertas Peluquer\u00eda","Packs Black Friday","peines premium","Rebajas Barber\u00eda 2025","trimmers profesionales"],"articleSection":["Cortapelos","General","Ofertas y rebajas"],"inLanguage":"es"},{"@type":"WebPage","@id":"https:\/\/cortapelosyplanchas.com\/blog\/black-friday-2025-en-clippers-profesionales-las-mejores-ofertas-en-maquinas-de-corte\/","url":"https:\/\/cortapelosyplanchas.com\/blog\/black-friday-2025-en-clippers-profesionales-las-mejores-ofertas-en-maquinas-de-corte\/","name":"Black Friday 2025 en Clippers: mejores ofertas en m\u00e1quinas de corte profesionales","isPartOf":{"@id":"https:\/\/cortapelosyplanchas.com\/blog\/#website"},"primaryImageOfPage":{"@id":"https:\/\/cortapelosyplanchas.com\/blog\/black-friday-2025-en-clippers-profesionales-las-mejores-ofertas-en-maquinas-de-corte\/#primaryimage"},"image":{"@id":"https:\/\/cortapelosyplanchas.com\/blog\/black-friday-2025-en-clippers-profesionales-las-mejores-ofertas-en-maquinas-de-corte\/#primaryimage"},"thumbnailUrl":"https:\/\/cortapelosyplanchas.com\/blog\/wp-content\/uploads\/2025\/11\/black-friday-clippers-barberia.png","datePublished":"2025-11-24T11:32:57+00:00","author":{"@id":"https:\/\/cortapelosyplanchas.com\/blog\/#\/schema\/person\/8d598e779c1fdcfef4c6b9af1a977f5d"},"description":"Descubre las mejores ofertas Black Friday 2025 en m\u00e1quinas de corte profesionales. Clippers premium, packs exclusivos y descuentos limitados para barber\u00eda y peluquer\u00eda.","breadcrumb":{"@id":"https:\/\/cortapelosyplanchas.com\/blog\/black-friday-2025-en-clippers-profesionales-las-mejores-ofertas-en-maquinas-de-corte\/#breadcrumb"},"inLanguage":"es","potentialAction":[{"@type":"ReadAction","target":["https:\/\/cortapelosyplanchas.com\/blog\/black-friday-2025-en-clippers-profesionales-las-mejores-ofertas-en-maquinas-de-corte\/"]}]},{"@type":"ImageObject","inLanguage":"es","@id":"https:\/\/cortapelosyplanchas.com\/blog\/black-friday-2025-en-clippers-profesionales-las-mejores-ofertas-en-maquinas-de-corte\/#primaryimage","url":"https:\/\/cortapelosyplanchas.com\/blog\/wp-content\/uploads\/2025\/11\/black-friday-clippers-barberia.png","contentUrl":"https:\/\/cortapelosyplanchas.com\/blog\/wp-content\/uploads\/2025\/11\/black-friday-clippers-barberia.png","width":1024,"height":1024},{"@type":"BreadcrumbList","@id":"https:\/\/cortapelosyplanchas.com\/blog\/black-friday-2025-en-clippers-profesionales-las-mejores-ofertas-en-maquinas-de-corte\/#breadcrumb","itemListElement":[{"@type":"ListItem","position":1,"name":"Portada","item":"https:\/\/cortapelosyplanchas.com\/blog\/"},{"@type":"ListItem","position":2,"name":"General","item":"https:\/\/cortapelosyplanchas.com\/blog\/category\/uncategorized\/"},{"@type":"ListItem","position":3,"name":"Black Friday 2025 en Clippers Profesionales: Las mejores ofertas en m\u00e1quinas de corte"}]},{"@type":"WebSite","@id":"https:\/\/cortapelosyplanchas.com\/blog\/#website","url":"https:\/\/cortapelosyplanchas.com\/blog\/","name":"Cortapelos y Planchas","description":"Tienda online de productos profesionales para la barber\u00eda y peluquer\u00eda","potentialAction":[{"@type":"SearchAction","target":{"@type":"EntryPoint","urlTemplate":"https:\/\/cortapelosyplanchas.com\/blog\/?s={search_term_string}"},"query-input":{"@type":"PropertyValueSpecification","valueRequired":true,"valueName":"search_term_string"}}],"inLanguage":"es"},{"@type":"Person","@id":"https:\/\/cortapelosyplanchas.com\/blog\/#\/schema\/person\/8d598e779c1fdcfef4c6b9af1a977f5d","name":"admin","image":{"@type":"ImageObject","inLanguage":"es","@id":"https:\/\/secure.gravatar.com\/avatar\/40514707bfd39d3804d4b44915d7ed2ec67df255ac2ef5884b698885f0278493?s=96&d=mm&r=g","url":"https:\/\/secure.gravatar.com\/avatar\/40514707bfd39d3804d4b44915d7ed2ec67df255ac2ef5884b698885f0278493?s=96&d=mm&r=g","contentUrl":"https:\/\/secure.gravatar.com\/avatar\/40514707bfd39d3804d4b44915d7ed2ec67df255ac2ef5884b698885f0278493?s=96&d=mm&r=g","caption":"admin"},"url":"https:\/\/cortapelosyplanchas.com\/blog\/author\/admin\/"}]}},"_links":{"self":[{"href":"https:\/\/cortapelosyplanchas.com\/blog\/wp-json\/wp\/v2\/posts\/3581","targetHints":{"allow":["GET"]}}],"collection":[{"href":"https:\/\/cortapelosyplanchas.com\/blog\/wp-json\/wp\/v2\/posts"}],"about":[{"href":"https:\/\/cortapelosyplanchas.com\/blog\/wp-json\/wp\/v2\/types\/post"}],"author":[{"embeddable":true,"href":"https:\/\/cortapelosyplanchas.com\/blog\/wp-json\/wp\/v2\/users\/1"}],"replies":[{"embeddable":true,"href":"https:\/\/cortapelosyplanchas.com\/blog\/wp-json\/wp\/v2\/comments?post=3581"}],"version-history":[{"count":1,"href":"https:\/\/cortapelosyplanchas.com\/blog\/wp-json\/wp\/v2\/posts\/3581\/revisions"}],"predecessor-version":[{"id":3583,"href":"https:\/\/cortapelosyplanchas.com\/blog\/wp-json\/wp\/v2\/posts\/3581\/revisions\/3583"}],"wp:featuredmedia":[{"embeddable":true,"href":"https:\/\/cortapelosyplanchas.com\/blog\/wp-json\/wp\/v2\/media\/3582"}],"wp:attachment":[{"href":"https:\/\/cortapelosyplanchas.com\/blog\/wp-json\/wp\/v2\/media?parent=3581"}],"wp:term":[{"taxonomy":"category","embeddable":true,"href":"https:\/\/cortapelosyplanchas.com\/blog\/wp-json\/wp\/v2\/categories?post=3581"},{"taxonomy":"post_tag","embeddable":true,"href":"https:\/\/cortapelosyplanchas.com\/blog\/wp-json\/wp\/v2\/tags?post=3581"}],"curies":[{"name":"wp","href":"https:\/\/api.w.org\/{rel}","templated":true}]}}