{"id":3440,"date":"2025-10-06T14:35:01","date_gmt":"2025-10-06T12:35:01","guid":{"rendered":"https:\/\/cortapelosyplanchas.com\/blog\/?p=3440"},"modified":"2025-10-06T14:35:01","modified_gmt":"2025-10-06T12:35:01","slug":"wahl-super-taper-x-potencia-versatilidad-y-diseno-analisis-completo","status":"publish","type":"post","link":"https:\/\/cortapelosyplanchas.com\/blog\/wahl-super-taper-x-potencia-versatilidad-y-diseno-analisis-completo\/","title":{"rendered":"Wahl Super Taper X: potencia, versatilidad y dise\u00f1o \u2014 an\u00e1lisis completo"},"content":{"rendered":"\n<!--more-->\n\n\n\n<p>Descubre la nueva <strong>Wahl Super Taper X<\/strong>, una m\u00e1quina de corte profesional que combina tecnolog\u00eda moderna con la garant\u00eda de rendimiento que los barberos esperan. En este an\u00e1lisis te contamos especificaciones, ventajas, consejos de uso y por qu\u00e9 puede ser una excelente adici\u00f3n a tu kit. Basado en la ficha de producto de <a href=\"https:\/\/www.cortapelosyplanchas.com\/wahl-super-taper-x-maquina-corte-profesional-bateria.html\" target=\"_blank\" rel=\"noreferrer noopener\">CortapelosyPlanchas<\/a>.<\/p>\n\n\n\n<figure class=\"wp-block-image\"><a href=\"https:\/\/www.cortapelosyplanchas.com\/wahl-super-taper-x-maquina-corte-profesional-bateria.html\"><img decoding=\"async\" src=\"https:\/\/tse2.mm.bing.net\/th\/id\/OIP.HMD_U8i0tlcGLRZYTQEhGQHaHa?pid=Api\" alt=\"Wahl Super Taper X - vista frontal\"\/><\/a><\/figure>\n\n\n\n<h2 class=\"wp-block-heading\">Caracter\u00edsticas t\u00e9cnicas destacadas<\/h2>\n\n\n\n<ul class=\"wp-block-list\">\n<li><strong>Motor rotativo de alto rendimiento<\/strong> (~6.500 RPM)<\/li>\n\n\n\n<li><strong>Uso con o sin cable<\/strong>: m\u00e1xima flexibilidad<\/li>\n\n\n\n<li><strong>Bater\u00eda de iones de litio<\/strong>: hasta 100 minutos de autonom\u00eda<\/li>\n\n\n\n<li><strong>Cuchilla en T con Stagger-Tooth\u2122<\/strong>: mayor precisi\u00f3n<\/li>\n\n\n\n<li><strong>Incluye 10 peines gu\u00eda, aceite, cepillo y protector<\/strong><\/li>\n\n\n\n<li><strong>Altura de corte<\/strong>: entre 0,8 mm y 2,2 mm sin peines<\/li>\n<\/ul>\n\n\n\n<h2 class=\"wp-block-heading\">Ventajas frente a modelos anteriores<\/h2>\n\n\n\n<ol class=\"wp-block-list\">\n<li>Mejor visibilidad gracias a la cuchilla en T<\/li>\n\n\n\n<li>M\u00e1s potencia para cortes en cabellos densos<\/li>\n\n\n\n<li>Dise\u00f1o ergon\u00f3mico y liviano<\/li>\n\n\n\n<li>Uso mixto con o sin cable<\/li>\n\n\n\n<li>Accesorios completos desde el primer uso<\/li>\n<\/ol>\n\n\n\n<figure class=\"wp-block-image\"><a href=\"https:\/\/www.cortapelosyplanchas.com\/wahl-super-taper-x-maquina-corte-profesional-bateria.html\"><img decoding=\"async\" src=\"https:\/\/tse1.mm.bing.net\/th\/id\/OIP.tEbj96BtSeHpr-9XKYIRzAHaHa?pid=Api\" alt=\"Wahl Super Taper X en uso\"\/><\/a><\/figure>\n\n\n\n<h2 class=\"wp-block-heading\">Consejos pr\u00e1cticos de uso<\/h2>\n\n\n\n<ul class=\"wp-block-list\">\n<li>Limpia y engrasa la cuchilla tras cada jornada<\/li>\n\n\n\n<li>Sube o baja progresivamente los peines en degradados<\/li>\n\n\n\n<li>Carga por completo la bater\u00eda antes del primer uso<\/li>\n\n\n\n<li>Evita cortes continuos muy largos sin pausas<\/li>\n<\/ul>\n\n\n\n<h2 class=\"wp-block-heading\">\u00bfPara qui\u00e9n es ideal esta m\u00e1quina?<\/h2>\n\n\n\n<p>Barberos y peluqueros que realizan:<\/p>\n\n\n\n<ul class=\"wp-block-list\">\n<li>Desvanecidos, cortes cl\u00e1sicos y modernos<\/li>\n\n\n\n<li>Trabajo constante y demandan fiabilidad<\/li>\n\n\n\n<li>Quieren un equipo vers\u00e1til, preciso y potente<\/li>\n<\/ul>\n\n\n\n<h2 class=\"wp-block-heading\">Disponibilidad y precio<\/h2>\n\n\n\n<p>Ya disponible en <a href=\"https:\/\/www.cortapelosyplanchas.com\/wahl-super-taper-x-maquina-corte-profesional-bateria.html\" target=\"_blank\" rel=\"noreferrer noopener\">CortapelosyPlanchas.com<\/a>. Consulta disponibilidad, ofertas y m\u00e9todos de env\u00edo en la web oficial.<\/p>\n\n\n\n<figure class=\"wp-block-image\"><a class=\"product-image\" href=\"https:\/\/www.cortapelosyplanchas.com\/wahl-super-taper-x-maquina-corte-profesional-bateria.html\"><img decoding=\"async\" src=\"https:\/\/www.cortapelosyplanchas.com\/media\/catalog\/product\/cache\/1\/small_image\/194x\/9df78eab33525d08d6e5fb8d27136e95\/w\/a\/wahl_super_taper_x_m_quina_corte_profesional_bater_a.png\" alt=\"Wahl Super Taper X  m\u00e1quina corte profesional bater\u00eda\"\/><\/a><\/figure>\n\n\n\n<h3 class=\"wp-block-heading\"><a href=\"https:\/\/www.cortapelosyplanchas.com\/wahl-super-taper-x-maquina-corte-profesional-bateria.html\">Wahl Super Taper X m\u00e1quina corte profesional bater\u00eda<\/a><\/h3>\n\n\n\n<p>Potencia rotativa y cuchilla T ideal para barberos que buscan difumina&#8230;<\/p>\n\n\n\n<p>\u20ac&nbsp;159,00&nbsp;<\/p>\n\n\n\n<p>(IVA incluido)<\/p>\n\n\n\n<h3 class=\"wp-block-heading\">Conclusi\u00f3n<\/h3>\n\n\n\n<p>La <strong>Wahl Super Taper X<\/strong> es una apuesta segura para profesionales exigentes. Su combinaci\u00f3n de potencia, cuchilla especial y autonom\u00eda la convierte en una herramienta completa para el d\u00eda a d\u00eda en barber\u00edas y salones.<\/p>\n\n\n\n<hr class=\"wp-block-separator has-alpha-channel-opacity\"\/>\n\n\n\n<h3 class=\"wp-block-heading\">Te puede interesar tambi\u00e9n:<\/h3>\n\n\n\n<ul class=\"wp-block-list\">\n<li><a href=\"\/comparativa-super-taper-vs-magic-clip\">Comparativa: Super Taper vs Magic Clip<\/a><\/li>\n\n\n\n<li><a href=\"\/como-mantener-tu-cortapelos-profesional\">C\u00f3mo mantener tu cortapelos profesional<\/a><\/li>\n\n\n\n<li><a href=\"\/mejores-cortapelos-para-barberos-2025\">Top 5 cortapelos para barberos en 2025<\/a><\/li>\n<\/ul>\n\n\n\n<p><\/p>\n","protected":false},"excerpt":{"rendered":"","protected":false},"author":1,"featured_media":3441,"comment_status":"closed","ping_status":"closed","sticky":false,"template":"","format":"standard","meta":{"footnotes":""},"categories":[334,9,1,2131,409,1657],"tags":[285,10,2532,62,2526,1531,2530,2527,2529,2528,2531,2525],"class_list":["post-3440","post","type-post","status-publish","format-standard","has-post-thumbnail","hentry","category-cortabarbas-electrico","category-httpwww-cortapelosyplanchas-com","category-uncategorized","category-marcas","category-novedades","category-wahl","tag-cortapelo-profesional","tag-cortapelos","tag-cortapelos-profesional-2025","tag-cortapelos-profesionales","tag-cortapelos-wahl-bateria","tag-maquina-cortar-pelo-profesional","tag-maquina-corte-wahl-profesional","tag-maquina-peluqueria-wahl","tag-mejor-cortapelos-barbero","tag-super-taper-x-inalambrica","tag-wahl-super-taper-opiniones","tag-wahl-super-taper-x"],"yoast_head":"<!-- This site is optimized with the Yoast SEO plugin v27.4 - https:\/\/yoast.com\/product\/yoast-seo-wordpress\/ -->\n<title>Wahl Super Taper X: potencia, versatilidad y dise\u00f1o \u2014 an\u00e1lisis completo - Cortapelos y Planchas<\/title>\n<meta name=\"description\" content=\"Wahl Super Taper X: an\u00e1lisis completo de la m\u00e1quina de corte profesional con bater\u00eda\" \/>\n<meta name=\"robots\" content=\"index, follow, max-snippet:-1, max-image-preview:large, max-video-preview:-1\" \/>\n<link rel=\"canonical\" href=\"https:\/\/cortapelosyplanchas.com\/blog\/wahl-super-taper-x-potencia-versatilidad-y-diseno-analisis-completo\/\" \/>\n<meta property=\"og:locale\" content=\"es_ES\" \/>\n<meta property=\"og:type\" content=\"article\" \/>\n<meta property=\"og:title\" content=\"Wahl Super Taper X: potencia, versatilidad y dise\u00f1o \u2014 an\u00e1lisis completo - Cortapelos y Planchas\" \/>\n<meta property=\"og:description\" content=\"Wahl Super Taper X: an\u00e1lisis completo de la m\u00e1quina de corte profesional con bater\u00eda\" \/>\n<meta property=\"og:url\" content=\"https:\/\/cortapelosyplanchas.com\/blog\/wahl-super-taper-x-potencia-versatilidad-y-diseno-analisis-completo\/\" \/>\n<meta property=\"og:site_name\" content=\"Cortapelos y Planchas\" \/>\n<meta property=\"article:published_time\" content=\"2025-10-06T12:35:01+00:00\" \/>\n<meta property=\"og:image\" content=\"https:\/\/cortapelosyplanchas.com\/blog\/wp-content\/uploads\/2025\/10\/Wahl-Super-Taper-X-maquina-corte-profesional-bateria.png\" \/>\n\t<meta property=\"og:image:width\" content=\"553\" \/>\n\t<meta property=\"og:image:height\" content=\"582\" \/>\n\t<meta property=\"og:image:type\" content=\"image\/png\" \/>\n<meta name=\"author\" content=\"admin\" \/>\n<meta name=\"twitter:card\" content=\"summary_large_image\" \/>\n<meta name=\"twitter:label1\" content=\"Escrito por\" \/>\n\t<meta name=\"twitter:data1\" content=\"admin\" \/>\n\t<meta name=\"twitter:label2\" content=\"Tiempo de lectura\" \/>\n\t<meta name=\"twitter:data2\" content=\"3 minutos\" \/>\n<script type=\"application\/ld+json\" class=\"yoast-schema-graph\">{\"@context\":\"https:\\\/\\\/schema.org\",\"@graph\":[{\"@type\":\"Article\",\"@id\":\"https:\\\/\\\/cortapelosyplanchas.com\\\/blog\\\/wahl-super-taper-x-potencia-versatilidad-y-diseno-analisis-completo\\\/#article\",\"isPartOf\":{\"@id\":\"https:\\\/\\\/cortapelosyplanchas.com\\\/blog\\\/wahl-super-taper-x-potencia-versatilidad-y-diseno-analisis-completo\\\/\"},\"author\":{\"name\":\"admin\",\"@id\":\"https:\\\/\\\/cortapelosyplanchas.com\\\/blog\\\/#\\\/schema\\\/person\\\/8d598e779c1fdcfef4c6b9af1a977f5d\"},\"headline\":\"Wahl Super Taper X: potencia, versatilidad y dise\u00f1o \u2014 an\u00e1lisis completo\",\"datePublished\":\"2025-10-06T12:35:01+00:00\",\"mainEntityOfPage\":{\"@id\":\"https:\\\/\\\/cortapelosyplanchas.com\\\/blog\\\/wahl-super-taper-x-potencia-versatilidad-y-diseno-analisis-completo\\\/\"},\"wordCount\":345,\"image\":{\"@id\":\"https:\\\/\\\/cortapelosyplanchas.com\\\/blog\\\/wahl-super-taper-x-potencia-versatilidad-y-diseno-analisis-completo\\\/#primaryimage\"},\"thumbnailUrl\":\"https:\\\/\\\/cortapelosyplanchas.com\\\/blog\\\/wp-content\\\/uploads\\\/2025\\\/10\\\/Wahl-Super-Taper-X-maquina-corte-profesional-bateria.png\",\"keywords\":[\"cortapelo profesional\",\"cortapelos\",\"cortapelos profesional 2025\",\"cortapelos profesionales\",\"cortapelos wahl bateria\",\"maquina cortar pelo profesional\",\"maquina corte wahl profesional\",\"maquina peluqueria wahl\",\"mejor cortapelos barbero\",\"super taper x inalambrica\",\"wahl super taper opiniones\",\"wahl super taper x\"],\"articleSection\":[\"Cortabarbas el\u00e9ctrico\",\"Cortapelos\",\"General\",\"Marcas\",\"Novedades\",\"wahl\"],\"inLanguage\":\"es\"},{\"@type\":\"WebPage\",\"@id\":\"https:\\\/\\\/cortapelosyplanchas.com\\\/blog\\\/wahl-super-taper-x-potencia-versatilidad-y-diseno-analisis-completo\\\/\",\"url\":\"https:\\\/\\\/cortapelosyplanchas.com\\\/blog\\\/wahl-super-taper-x-potencia-versatilidad-y-diseno-analisis-completo\\\/\",\"name\":\"Wahl Super Taper X: potencia, versatilidad y dise\u00f1o \u2014 an\u00e1lisis completo - Cortapelos y Planchas\",\"isPartOf\":{\"@id\":\"https:\\\/\\\/cortapelosyplanchas.com\\\/blog\\\/#website\"},\"primaryImageOfPage\":{\"@id\":\"https:\\\/\\\/cortapelosyplanchas.com\\\/blog\\\/wahl-super-taper-x-potencia-versatilidad-y-diseno-analisis-completo\\\/#primaryimage\"},\"image\":{\"@id\":\"https:\\\/\\\/cortapelosyplanchas.com\\\/blog\\\/wahl-super-taper-x-potencia-versatilidad-y-diseno-analisis-completo\\\/#primaryimage\"},\"thumbnailUrl\":\"https:\\\/\\\/cortapelosyplanchas.com\\\/blog\\\/wp-content\\\/uploads\\\/2025\\\/10\\\/Wahl-Super-Taper-X-maquina-corte-profesional-bateria.png\",\"datePublished\":\"2025-10-06T12:35:01+00:00\",\"author\":{\"@id\":\"https:\\\/\\\/cortapelosyplanchas.com\\\/blog\\\/#\\\/schema\\\/person\\\/8d598e779c1fdcfef4c6b9af1a977f5d\"},\"description\":\"Wahl Super Taper X: an\u00e1lisis completo de la m\u00e1quina de corte profesional con bater\u00eda\",\"breadcrumb\":{\"@id\":\"https:\\\/\\\/cortapelosyplanchas.com\\\/blog\\\/wahl-super-taper-x-potencia-versatilidad-y-diseno-analisis-completo\\\/#breadcrumb\"},\"inLanguage\":\"es\",\"potentialAction\":[{\"@type\":\"ReadAction\",\"target\":[\"https:\\\/\\\/cortapelosyplanchas.com\\\/blog\\\/wahl-super-taper-x-potencia-versatilidad-y-diseno-analisis-completo\\\/\"]}]},{\"@type\":\"ImageObject\",\"inLanguage\":\"es\",\"@id\":\"https:\\\/\\\/cortapelosyplanchas.com\\\/blog\\\/wahl-super-taper-x-potencia-versatilidad-y-diseno-analisis-completo\\\/#primaryimage\",\"url\":\"https:\\\/\\\/cortapelosyplanchas.com\\\/blog\\\/wp-content\\\/uploads\\\/2025\\\/10\\\/Wahl-Super-Taper-X-maquina-corte-profesional-bateria.png\",\"contentUrl\":\"https:\\\/\\\/cortapelosyplanchas.com\\\/blog\\\/wp-content\\\/uploads\\\/2025\\\/10\\\/Wahl-Super-Taper-X-maquina-corte-profesional-bateria.png\",\"width\":553,\"height\":582},{\"@type\":\"BreadcrumbList\",\"@id\":\"https:\\\/\\\/cortapelosyplanchas.com\\\/blog\\\/wahl-super-taper-x-potencia-versatilidad-y-diseno-analisis-completo\\\/#breadcrumb\",\"itemListElement\":[{\"@type\":\"ListItem\",\"position\":1,\"name\":\"Portada\",\"item\":\"https:\\\/\\\/cortapelosyplanchas.com\\\/blog\\\/\"},{\"@type\":\"ListItem\",\"position\":2,\"name\":\"Cortapelos\",\"item\":\"https:\\\/\\\/cortapelosyplanchas.com\\\/blog\\\/category\\\/httpwww-cortapelosyplanchas-com\\\/\"},{\"@type\":\"ListItem\",\"position\":3,\"name\":\"Wahl Super Taper X: potencia, versatilidad y dise\u00f1o \u2014 an\u00e1lisis completo\"}]},{\"@type\":\"WebSite\",\"@id\":\"https:\\\/\\\/cortapelosyplanchas.com\\\/blog\\\/#website\",\"url\":\"https:\\\/\\\/cortapelosyplanchas.com\\\/blog\\\/\",\"name\":\"Cortapelos y Planchas\",\"description\":\"Tienda online de productos profesionales para la barber\u00eda y peluquer\u00eda\",\"potentialAction\":[{\"@type\":\"SearchAction\",\"target\":{\"@type\":\"EntryPoint\",\"urlTemplate\":\"https:\\\/\\\/cortapelosyplanchas.com\\\/blog\\\/?s={search_term_string}\"},\"query-input\":{\"@type\":\"PropertyValueSpecification\",\"valueRequired\":true,\"valueName\":\"search_term_string\"}}],\"inLanguage\":\"es\"},{\"@type\":\"Person\",\"@id\":\"https:\\\/\\\/cortapelosyplanchas.com\\\/blog\\\/#\\\/schema\\\/person\\\/8d598e779c1fdcfef4c6b9af1a977f5d\",\"name\":\"admin\",\"image\":{\"@type\":\"ImageObject\",\"inLanguage\":\"es\",\"@id\":\"https:\\\/\\\/secure.gravatar.com\\\/avatar\\\/40514707bfd39d3804d4b44915d7ed2ec67df255ac2ef5884b698885f0278493?s=96&d=mm&r=g\",\"url\":\"https:\\\/\\\/secure.gravatar.com\\\/avatar\\\/40514707bfd39d3804d4b44915d7ed2ec67df255ac2ef5884b698885f0278493?s=96&d=mm&r=g\",\"contentUrl\":\"https:\\\/\\\/secure.gravatar.com\\\/avatar\\\/40514707bfd39d3804d4b44915d7ed2ec67df255ac2ef5884b698885f0278493?s=96&d=mm&r=g\",\"caption\":\"admin\"},\"url\":\"https:\\\/\\\/cortapelosyplanchas.com\\\/blog\\\/author\\\/admin\\\/\"}]}<\/script>\n<!-- \/ Yoast SEO plugin. -->","yoast_head_json":{"title":"Wahl Super Taper X: potencia, versatilidad y dise\u00f1o \u2014 an\u00e1lisis completo - Cortapelos y Planchas","description":"Wahl Super Taper X: an\u00e1lisis completo de la m\u00e1quina de corte profesional con bater\u00eda","robots":{"index":"index","follow":"follow","max-snippet":"max-snippet:-1","max-image-preview":"max-image-preview:large","max-video-preview":"max-video-preview:-1"},"canonical":"https:\/\/cortapelosyplanchas.com\/blog\/wahl-super-taper-x-potencia-versatilidad-y-diseno-analisis-completo\/","og_locale":"es_ES","og_type":"article","og_title":"Wahl Super Taper X: potencia, versatilidad y dise\u00f1o \u2014 an\u00e1lisis completo - Cortapelos y Planchas","og_description":"Wahl Super Taper X: an\u00e1lisis completo de la m\u00e1quina de corte profesional con bater\u00eda","og_url":"https:\/\/cortapelosyplanchas.com\/blog\/wahl-super-taper-x-potencia-versatilidad-y-diseno-analisis-completo\/","og_site_name":"Cortapelos y Planchas","article_published_time":"2025-10-06T12:35:01+00:00","og_image":[{"width":553,"height":582,"url":"https:\/\/cortapelosyplanchas.com\/blog\/wp-content\/uploads\/2025\/10\/Wahl-Super-Taper-X-maquina-corte-profesional-bateria.png","type":"image\/png"}],"author":"admin","twitter_card":"summary_large_image","twitter_misc":{"Escrito por":"admin","Tiempo de lectura":"3 minutos"},"schema":{"@context":"https:\/\/schema.org","@graph":[{"@type":"Article","@id":"https:\/\/cortapelosyplanchas.com\/blog\/wahl-super-taper-x-potencia-versatilidad-y-diseno-analisis-completo\/#article","isPartOf":{"@id":"https:\/\/cortapelosyplanchas.com\/blog\/wahl-super-taper-x-potencia-versatilidad-y-diseno-analisis-completo\/"},"author":{"name":"admin","@id":"https:\/\/cortapelosyplanchas.com\/blog\/#\/schema\/person\/8d598e779c1fdcfef4c6b9af1a977f5d"},"headline":"Wahl Super Taper X: potencia, versatilidad y dise\u00f1o \u2014 an\u00e1lisis completo","datePublished":"2025-10-06T12:35:01+00:00","mainEntityOfPage":{"@id":"https:\/\/cortapelosyplanchas.com\/blog\/wahl-super-taper-x-potencia-versatilidad-y-diseno-analisis-completo\/"},"wordCount":345,"image":{"@id":"https:\/\/cortapelosyplanchas.com\/blog\/wahl-super-taper-x-potencia-versatilidad-y-diseno-analisis-completo\/#primaryimage"},"thumbnailUrl":"https:\/\/cortapelosyplanchas.com\/blog\/wp-content\/uploads\/2025\/10\/Wahl-Super-Taper-X-maquina-corte-profesional-bateria.png","keywords":["cortapelo profesional","cortapelos","cortapelos profesional 2025","cortapelos profesionales","cortapelos wahl bateria","maquina cortar pelo profesional","maquina corte wahl profesional","maquina peluqueria wahl","mejor cortapelos barbero","super taper x inalambrica","wahl super taper opiniones","wahl super taper x"],"articleSection":["Cortabarbas el\u00e9ctrico","Cortapelos","General","Marcas","Novedades","wahl"],"inLanguage":"es"},{"@type":"WebPage","@id":"https:\/\/cortapelosyplanchas.com\/blog\/wahl-super-taper-x-potencia-versatilidad-y-diseno-analisis-completo\/","url":"https:\/\/cortapelosyplanchas.com\/blog\/wahl-super-taper-x-potencia-versatilidad-y-diseno-analisis-completo\/","name":"Wahl Super Taper X: potencia, versatilidad y dise\u00f1o \u2014 an\u00e1lisis completo - Cortapelos y Planchas","isPartOf":{"@id":"https:\/\/cortapelosyplanchas.com\/blog\/#website"},"primaryImageOfPage":{"@id":"https:\/\/cortapelosyplanchas.com\/blog\/wahl-super-taper-x-potencia-versatilidad-y-diseno-analisis-completo\/#primaryimage"},"image":{"@id":"https:\/\/cortapelosyplanchas.com\/blog\/wahl-super-taper-x-potencia-versatilidad-y-diseno-analisis-completo\/#primaryimage"},"thumbnailUrl":"https:\/\/cortapelosyplanchas.com\/blog\/wp-content\/uploads\/2025\/10\/Wahl-Super-Taper-X-maquina-corte-profesional-bateria.png","datePublished":"2025-10-06T12:35:01+00:00","author":{"@id":"https:\/\/cortapelosyplanchas.com\/blog\/#\/schema\/person\/8d598e779c1fdcfef4c6b9af1a977f5d"},"description":"Wahl Super Taper X: an\u00e1lisis completo de la m\u00e1quina de corte profesional con bater\u00eda","breadcrumb":{"@id":"https:\/\/cortapelosyplanchas.com\/blog\/wahl-super-taper-x-potencia-versatilidad-y-diseno-analisis-completo\/#breadcrumb"},"inLanguage":"es","potentialAction":[{"@type":"ReadAction","target":["https:\/\/cortapelosyplanchas.com\/blog\/wahl-super-taper-x-potencia-versatilidad-y-diseno-analisis-completo\/"]}]},{"@type":"ImageObject","inLanguage":"es","@id":"https:\/\/cortapelosyplanchas.com\/blog\/wahl-super-taper-x-potencia-versatilidad-y-diseno-analisis-completo\/#primaryimage","url":"https:\/\/cortapelosyplanchas.com\/blog\/wp-content\/uploads\/2025\/10\/Wahl-Super-Taper-X-maquina-corte-profesional-bateria.png","contentUrl":"https:\/\/cortapelosyplanchas.com\/blog\/wp-content\/uploads\/2025\/10\/Wahl-Super-Taper-X-maquina-corte-profesional-bateria.png","width":553,"height":582},{"@type":"BreadcrumbList","@id":"https:\/\/cortapelosyplanchas.com\/blog\/wahl-super-taper-x-potencia-versatilidad-y-diseno-analisis-completo\/#breadcrumb","itemListElement":[{"@type":"ListItem","position":1,"name":"Portada","item":"https:\/\/cortapelosyplanchas.com\/blog\/"},{"@type":"ListItem","position":2,"name":"Cortapelos","item":"https:\/\/cortapelosyplanchas.com\/blog\/category\/httpwww-cortapelosyplanchas-com\/"},{"@type":"ListItem","position":3,"name":"Wahl Super Taper X: potencia, versatilidad y dise\u00f1o \u2014 an\u00e1lisis completo"}]},{"@type":"WebSite","@id":"https:\/\/cortapelosyplanchas.com\/blog\/#website","url":"https:\/\/cortapelosyplanchas.com\/blog\/","name":"Cortapelos y Planchas","description":"Tienda online de productos profesionales para la barber\u00eda y peluquer\u00eda","potentialAction":[{"@type":"SearchAction","target":{"@type":"EntryPoint","urlTemplate":"https:\/\/cortapelosyplanchas.com\/blog\/?s={search_term_string}"},"query-input":{"@type":"PropertyValueSpecification","valueRequired":true,"valueName":"search_term_string"}}],"inLanguage":"es"},{"@type":"Person","@id":"https:\/\/cortapelosyplanchas.com\/blog\/#\/schema\/person\/8d598e779c1fdcfef4c6b9af1a977f5d","name":"admin","image":{"@type":"ImageObject","inLanguage":"es","@id":"https:\/\/secure.gravatar.com\/avatar\/40514707bfd39d3804d4b44915d7ed2ec67df255ac2ef5884b698885f0278493?s=96&d=mm&r=g","url":"https:\/\/secure.gravatar.com\/avatar\/40514707bfd39d3804d4b44915d7ed2ec67df255ac2ef5884b698885f0278493?s=96&d=mm&r=g","contentUrl":"https:\/\/secure.gravatar.com\/avatar\/40514707bfd39d3804d4b44915d7ed2ec67df255ac2ef5884b698885f0278493?s=96&d=mm&r=g","caption":"admin"},"url":"https:\/\/cortapelosyplanchas.com\/blog\/author\/admin\/"}]}},"_links":{"self":[{"href":"https:\/\/cortapelosyplanchas.com\/blog\/wp-json\/wp\/v2\/posts\/3440","targetHints":{"allow":["GET"]}}],"collection":[{"href":"https:\/\/cortapelosyplanchas.com\/blog\/wp-json\/wp\/v2\/posts"}],"about":[{"href":"https:\/\/cortapelosyplanchas.com\/blog\/wp-json\/wp\/v2\/types\/post"}],"author":[{"embeddable":true,"href":"https:\/\/cortapelosyplanchas.com\/blog\/wp-json\/wp\/v2\/users\/1"}],"replies":[{"embeddable":true,"href":"https:\/\/cortapelosyplanchas.com\/blog\/wp-json\/wp\/v2\/comments?post=3440"}],"version-history":[{"count":1,"href":"https:\/\/cortapelosyplanchas.com\/blog\/wp-json\/wp\/v2\/posts\/3440\/revisions"}],"predecessor-version":[{"id":3442,"href":"https:\/\/cortapelosyplanchas.com\/blog\/wp-json\/wp\/v2\/posts\/3440\/revisions\/3442"}],"wp:featuredmedia":[{"embeddable":true,"href":"https:\/\/cortapelosyplanchas.com\/blog\/wp-json\/wp\/v2\/media\/3441"}],"wp:attachment":[{"href":"https:\/\/cortapelosyplanchas.com\/blog\/wp-json\/wp\/v2\/media?parent=3440"}],"wp:term":[{"taxonomy":"category","embeddable":true,"href":"https:\/\/cortapelosyplanchas.com\/blog\/wp-json\/wp\/v2\/categories?post=3440"},{"taxonomy":"post_tag","embeddable":true,"href":"https:\/\/cortapelosyplanchas.com\/blog\/wp-json\/wp\/v2\/tags?post=3440"}],"curies":[{"name":"wp","href":"https:\/\/api.w.org\/{rel}","templated":true}]}}