{"id":2878,"date":"2024-12-08T11:41:39","date_gmt":"2024-12-08T10:41:39","guid":{"rendered":"https:\/\/cortapelosyplanchas.com\/blog\/?p=2878"},"modified":"2024-12-18T11:24:08","modified_gmt":"2024-12-18T10:24:08","slug":"5-peinados-elegantes-para-las-comidas-de-empresa-esta-navidad-2024","status":"publish","type":"post","link":"https:\/\/cortapelosyplanchas.com\/blog\/5-peinados-elegantes-para-las-comidas-de-empresa-esta-navidad-2024\/","title":{"rendered":"5 Peinados Elegantes para las Comidas de Empresa esta Navidad 2024"},"content":{"rendered":"<p><!--more--><\/p>\n\n\n<p>La temporada navide\u00f1a trae consigo eventos especiales como las comidas de empresa, y no hay mejor oportunidad para destacar con un peinado elegante. Este a\u00f1o, las tendencias est\u00e1n llenas de opciones vers\u00e1tiles y sofisticadas. A continuaci\u00f3n, te mostramos c\u00f3mo lograr 5 peinados paso a paso, cu\u00e1nto tiempo necesitas para cada uno y las herramientas ideales para conseguirlos.<\/p>\n\n\n\n<figure class=\"wp-block-image size-full\"><a href=\"https:\/\/cortapelosyplanchas.com\/blog\/wp-content\/uploads\/2024\/12\/5-Peinados-Elegantes-para-las-Comidas-de-Empresa-esta-Navidad-2024.webp\"><img loading=\"lazy\" decoding=\"async\" width=\"1024\" height=\"1024\" src=\"https:\/\/cortapelosyplanchas.com\/blog\/wp-content\/uploads\/2024\/12\/5-Peinados-Elegantes-para-las-Comidas-de-Empresa-esta-Navidad-2024.webp\" alt=\"\" class=\"wp-image-2879\" srcset=\"https:\/\/cortapelosyplanchas.com\/blog\/wp-content\/uploads\/2024\/12\/5-Peinados-Elegantes-para-las-Comidas-de-Empresa-esta-Navidad-2024.webp 1024w, https:\/\/cortapelosyplanchas.com\/blog\/wp-content\/uploads\/2024\/12\/5-Peinados-Elegantes-para-las-Comidas-de-Empresa-esta-Navidad-2024-300x300.webp 300w, https:\/\/cortapelosyplanchas.com\/blog\/wp-content\/uploads\/2024\/12\/5-Peinados-Elegantes-para-las-Comidas-de-Empresa-esta-Navidad-2024-150x150.webp 150w, https:\/\/cortapelosyplanchas.com\/blog\/wp-content\/uploads\/2024\/12\/5-Peinados-Elegantes-para-las-Comidas-de-Empresa-esta-Navidad-2024-768x768.webp 768w\" sizes=\"auto, (max-width: 1024px) 100vw, 1024px\" \/><\/a><\/figure>\n\n\n\n<h2 class=\"wp-block-heading\">1. <strong>Alisado Perfecto: Cl\u00e1sico y Sofisticado<\/strong><\/h2>\n\n\n\n<p><\/p>\n\n\n\n<p>El <strong>Alisado Perfecto<\/strong> es un peinado cl\u00e1sico y sofisticado que nunca pasa de moda. Ideal para eventos formales como las comidas de empresa en Navidad, este estilo proyecta elegancia y pulcritud. Es vers\u00e1til, combinando perfectamente con cualquier tipo de outfit y maquillaje.<\/p>\n\n\n\n<h3 class=\"wp-block-heading\"><strong>Caracter\u00edsticas del Alisado Perfecto<\/strong><\/h3>\n\n\n\n<ul class=\"wp-block-list\">\n<li><strong>Elegancia Atemporal:<\/strong> Siempre es una apuesta segura para lucir impecable.<\/li>\n\n\n\n<li><strong>Acabado Brillante y Sin Frizz:<\/strong> Ideal para quienes buscan un look pulido y ordenado.<\/li>\n\n\n\n<li><strong>Versatilidad:<\/strong> Funciona en cabellos cortos, medios o largos.<\/li>\n<\/ul>\n\n\n\n<hr class=\"wp-block-separator has-alpha-channel-opacity\"\/>\n\n\n\n<h3 class=\"wp-block-heading\"><strong>C\u00f3mo Lograr el Alisado Perfecto Paso a Paso<\/strong><\/h3>\n\n\n\n<p><strong>Tiempo estimado:<\/strong> 15-25 minutos<br><strong>Ideal para:<\/strong> Todo tipo de cabello, especialmente medio o largo.<\/p>\n\n\n\n<ol class=\"wp-block-list\">\n<li><strong>Preparaci\u00f3n:<\/strong>\n<ul class=\"wp-block-list\">\n<li>Lava y acondiciona tu cabello utilizando productos espec\u00edficos para alisar.<\/li>\n\n\n\n<li>Aplica un <strong>protector t\u00e9rmico<\/strong> para proteger tu cabello del calor y prevenir da\u00f1os.<\/li>\n\n\n\n<li>Seca tu cabello completamente con un secador, preferiblemente con un cepillo redondo o plano para alisar ligeramente mientras lo secas.<\/li>\n<\/ul>\n<\/li>\n\n\n\n<li><strong>Seccionado del Cabello:<\/strong>\n<ul class=\"wp-block-list\">\n<li>Divide el cabello en peque\u00f1as secciones, sujet\u00e1ndolas con pinzas para facilitar el trabajo.<\/li>\n\n\n\n<li>Comienza desde la parte inferior y ve subiendo hacia la coronilla.<\/li>\n<\/ul>\n<\/li>\n\n\n\n<li><strong>Planchado:<\/strong>\n<ul class=\"wp-block-list\">\n<li>Usa una <strong>plancha de pelo profesional<\/strong> con placas de cer\u00e1mica o titanio para un acabado m\u00e1s suave y brillante.<\/li>\n\n\n\n<li>Ajusta la temperatura seg\u00fan tu tipo de cabello:\n<ul class=\"wp-block-list\">\n<li>Fino: 180-200 \u00b0C<\/li>\n\n\n\n<li>Normal: 200-220 \u00b0C<\/li>\n\n\n\n<li>Grueso: 220-230 \u00b0C<\/li>\n<\/ul>\n<\/li>\n\n\n\n<li>Toma cada secci\u00f3n y pasa la plancha desde la ra\u00edz hasta las puntas en un movimiento lento y uniforme.<\/li>\n\n\n\n<li>Repite si es necesario, pero evita pasar la plancha demasiadas veces en la misma secci\u00f3n para no da\u00f1ar el cabello.<\/li>\n<\/ul>\n<\/li>\n\n\n\n<li><strong>Finalizaci\u00f3n:<\/strong>\n<ul class=\"wp-block-list\">\n<li>Una vez terminado, aplica un <strong>s\u00e9rum de brillo o aceite capilar<\/strong> en las puntas para un acabado sedoso.<\/li>\n\n\n\n<li>Usa un spray anti-frizz si vives en zonas h\u00famedas para mantener el look intacto durante todo el evento.<\/li>\n<\/ul>\n<\/li>\n<\/ol>\n\n\n\n<p><strong>Tip Adicional:<\/strong> Si buscas un toque especial, puedes peinarte con una raya al medio o de lado para variar ligeramente el estilo.<\/p>\n\n\n\n<hr class=\"wp-block-separator has-alpha-channel-opacity\"\/>\n\n\n\n<h3 class=\"wp-block-heading\"><strong>Productos Recomendados<\/strong><\/h3>\n\n\n\n<ul class=\"wp-block-list\">\n<li><strong><a href=\"https:\/\/www.cortapelosyplanchas.com\/productos-peluqueria\/protector-termico.html\">Protector T\u00e9rmico<\/a>:<\/strong> Esencial para cuidar tu cabello del calor.<\/li>\n\n\n\n<li><strong><a href=\"https:\/\/www.cortapelosyplanchas.com\/planchas\/planchas-profesionales.html\">Planchas Profesionales<\/a>:<\/strong> Elige una con tecnolog\u00eda de iones negativos para evitar el encrespamiento.<\/li>\n\n\n\n<li><strong><a href=\"https:\/\/www.cortapelosyplanchas.com\/productos-peluqueria\/serum.html\">S\u00e9rum de Brillo<\/a>:<\/strong> Un imprescindible para un acabado pulido.<\/li>\n<\/ul>\n\n\n\n<hr class=\"wp-block-separator has-alpha-channel-opacity\"\/>\n\n\n\n<h3 class=\"wp-block-heading\"><strong>Ventajas del Alisado Perfecto<\/strong><\/h3>\n\n\n\n<ol class=\"wp-block-list\">\n<li><strong>Duraci\u00f3n Prolongada:<\/strong> Con las herramientas y productos adecuados, el peinado puede durar todo el d\u00eda.<\/li>\n\n\n\n<li><strong>Versatilidad:<\/strong> Se adapta a cualquier ocasi\u00f3n, desde reuniones formales hasta eventos festivos.<\/li>\n\n\n\n<li><strong>Simplicidad:<\/strong> Aunque es sencillo de hacer, el resultado es espectacular.<\/li>\n<\/ol>\n\n\n\n<hr class=\"wp-block-separator has-alpha-channel-opacity\"\/>\n\n\n\n<h3 class=\"wp-block-heading\"><strong>Inspiraci\u00f3n para Tu Look<\/strong><\/h3>\n\n\n\n<p>El cabello liso y brillante ha sido una tendencia constante entre celebridades y estilistas. Este estilo es perfecto para transmitir profesionalismo y elegancia, destacando la belleza natural de tu cabello.<\/p>\n\n\n\n<figure class=\"wp-block-image size-full\"><a href=\"https:\/\/cortapelosyplanchas.com\/blog\/wp-content\/uploads\/2024\/12\/Alisado-Perfecto-con-planchas.webp\"><img loading=\"lazy\" decoding=\"async\" width=\"1024\" height=\"1024\" src=\"https:\/\/cortapelosyplanchas.com\/blog\/wp-content\/uploads\/2024\/12\/Alisado-Perfecto-con-planchas.webp\" alt=\"\" class=\"wp-image-2880\" srcset=\"https:\/\/cortapelosyplanchas.com\/blog\/wp-content\/uploads\/2024\/12\/Alisado-Perfecto-con-planchas.webp 1024w, https:\/\/cortapelosyplanchas.com\/blog\/wp-content\/uploads\/2024\/12\/Alisado-Perfecto-con-planchas-300x300.webp 300w, https:\/\/cortapelosyplanchas.com\/blog\/wp-content\/uploads\/2024\/12\/Alisado-Perfecto-con-planchas-150x150.webp 150w, https:\/\/cortapelosyplanchas.com\/blog\/wp-content\/uploads\/2024\/12\/Alisado-Perfecto-con-planchas-768x768.webp 768w\" sizes=\"auto, (max-width: 1024px) 100vw, 1024px\" \/><\/a><\/figure>\n\n\n\n<p>Aqui tienes todo lo necesario para crear este peinado:<\/p>\n\n\n\n<figure class=\"wp-block-image\"><a href=\"https:\/\/www.cortapelosyplanchas.com\/artero-spray-protector-myst-alisado-cabello-extra-liso-con-plancha.html\"><img decoding=\"async\" src=\"https:\/\/www.cortapelosyplanchas.com\/media\/catalog\/product\/cache\/1\/small_image\/194x\/9df78eab33525d08d6e5fb8d27136e95\/a\/r\/artero_spray_protector_myst_alisado_cabello_extra_liso_con_plancha_comprar_mejor_precio_artero_spray_protector_myst.jpg\" alt=\"Artero spray protector Myst Alisado cabello extra liso con plancha | Comprar mejor Precio Artero spray protector Myst\"\/><\/a><\/figure>\n\n\n\n<h2 class=\"wp-block-heading\"><a href=\"https:\/\/www.cortapelosyplanchas.com\/artero-spray-protector-myst-alisado-cabello-extra-liso-con-plancha.html\">Artero spray protector T\u00e9rmico MYST Extra liso con plancha<\/a><\/h2>\n\n\n\n<p>Artero spray protector T\u00e9rmico MYST Extra liso con plancha<\/p>\n\n\n\n<p><strong>\u20ac&nbsp;7,50<\/strong><\/p>\n\n\n\n<p>(IVA incluido)<\/p>\n\n\n\n<p>Catalogo de planchas de titanio <a href=\"https:\/\/www.cortapelosyplanchas.com\/planchas\/planchas-titanio.html\">PLANCHAS DE TITANIO <\/a><\/p>\n\n\n\n<p>La m\u00e1s vendida para alisados perfectos<\/p>\n\n\n\n<figure class=\"wp-block-image\"><a href=\"https:\/\/www.cortapelosyplanchas.com\/plancha-digital-eurostil-titanium-rosa-placas-titanio.html\"><img decoding=\"async\" src=\"https:\/\/www.cortapelosyplanchas.com\/media\/catalog\/product\/cache\/1\/small_image\/194x\/9df78eab33525d08d6e5fb8d27136e95\/p\/l\/plancha_digital_eurostil_titanium_rosa_placas_titanio.jpg\" alt=\"Plancha Digital Eurostil Titanium Rosa placas Titanio\"\/><\/a><\/figure>\n\n\n\n<h2 class=\"wp-block-heading\"><a href=\"https:\/\/www.cortapelosyplanchas.com\/plancha-digital-eurostil-titanium-rosa-placas-titanio.html\">Plancha Digital Eurostil Titanium Rosa placas Titanio<\/a><\/h2>\n\n\n\n<p>Plancha Digital Eurostil Titanium Rosa placas Titanio<\/p>\n\n\n\n<p><strong><em><s>\u20ac&nbsp;52,29<\/s><\/em><\/strong><\/p>\n\n\n\n<p><strong>\u20ac&nbsp;42,21<\/strong><\/p>\n\n\n\n<figure class=\"wp-block-image\"><a href=\"https:\/\/www.cortapelosyplanchas.com\/ghd-serum-smooth-finish-brillo-y-suavidad-instantaneos.html\"><img decoding=\"async\" src=\"https:\/\/www.cortapelosyplanchas.com\/media\/catalog\/product\/cache\/1\/small_image\/194x\/9df78eab33525d08d6e5fb8d27136e95\/g\/h\/ghd_-_dramatic_ending_s_rum_de_acabado.jpg\" alt=\"GHD - Dramatic Ending S\u00e9rum De Acabado\"\/><\/a><\/figure>\n\n\n\n<h2 class=\"wp-block-heading\"><a href=\"https:\/\/www.cortapelosyplanchas.com\/ghd-serum-smooth-finish-brillo-y-suavidad-instantaneos.html\">GHD &#8211; Dramatic Ending S\u00e9rum De Acabado<\/a><\/h2>\n\n\n\n<p>GHD &#8211; Dramatic Ending S\u00e9rum De Acabado 30 ml<\/p>\n\n\n\n<p><strong><em><s>\u20ac&nbsp;25,20<\/s><\/em><\/strong><\/p>\n\n\n\n<p><strong>\u20ac&nbsp;22,68<\/strong><\/p>\n\n\n\n<h2 class=\"wp-block-heading\">2. <strong>Ondas Suaves: Glamour y Naturalidad<\/strong><\/h2>\n\n\n\n<p>El estilo de <strong>Ondas Suaves<\/strong> es sin\u00f3nimo de glamour y naturalidad. Este peinado es perfecto para comidas de empresa y eventos navide\u00f1os, ya que aporta un toque sofisticado pero desenfadado, ideal para quienes buscan un look fresco y con movimiento.<\/p>\n\n\n\n<hr class=\"wp-block-separator has-alpha-channel-opacity\"\/>\n\n\n\n<h3 class=\"wp-block-heading\"><strong>Caracter\u00edsticas de las Ondas Suaves<\/strong><\/h3>\n\n\n\n<ul class=\"wp-block-list\">\n<li><strong>Elegancia Natural:<\/strong> Aporta volumen y textura sin exagerar.<\/li>\n\n\n\n<li><strong>Movimiento Sutil:<\/strong> Perfecto para dar vida al cabello sin perder su naturalidad.<\/li>\n\n\n\n<li><strong>Versatilidad:<\/strong> Funciona en cabellos de longitud media o larga, tanto lisos como ligeramente ondulados.<\/li>\n<\/ul>\n\n\n\n<hr class=\"wp-block-separator has-alpha-channel-opacity\"\/>\n\n\n\n<h3 class=\"wp-block-heading\"><strong>C\u00f3mo Lograr Ondas Suaves Paso a Paso<\/strong><\/h3>\n\n\n\n<p><strong>Tiempo estimado:<\/strong> 20-30 minutos<br><strong>Ideal para:<\/strong> Todo tipo de cabello, especialmente medio o largo.<\/p>\n\n\n\n<ol class=\"wp-block-list\">\n<li><strong>Preparaci\u00f3n:<\/strong>\n<ul class=\"wp-block-list\">\n<li>Lava y seca tu cabello. Aplica un <strong>protector t\u00e9rmico<\/strong> para protegerlo del calor.<\/li>\n\n\n\n<li>Si tienes el cabello muy liso, aplica un mousse o spray texturizador para ayudar a fijar las ondas.<\/li>\n<\/ul>\n<\/li>\n\n\n\n<li><strong>Seccionado del Cabello:<\/strong>\n<ul class=\"wp-block-list\">\n<li>Divide el cabello en secciones medianas. Usa pinzas para sujetarlas y trabajar con comodidad.<\/li>\n<\/ul>\n<\/li>\n\n\n\n<li><strong>Creaci\u00f3n de Ondas:<\/strong>\n<ul class=\"wp-block-list\">\n<li>Usa una <strong>plancha de bordes redondeados<\/strong> o un rizador con barril ancho (32-38 mm) para crear ondas suaves.<\/li>\n\n\n\n<li>Toma una secci\u00f3n de cabello y envu\u00e9lvela alrededor de la herramienta, dejando las puntas fuera para un look m\u00e1s natural.<\/li>\n\n\n\n<li>Mant\u00e9n el mech\u00f3n en la herramienta durante 5-8 segundos.<\/li>\n\n\n\n<li>Suelta el mech\u00f3n suavemente y deja que la onda se enfr\u00ede antes de tocarla.<\/li>\n<\/ul>\n<\/li>\n\n\n\n<li><strong>Peinado Final:<\/strong>\n<ul class=\"wp-block-list\">\n<li>Una vez que hayas terminado todas las secciones, pasa los dedos o un peine de dientes anchos para deshacer ligeramente las ondas y darles un aspecto m\u00e1s relajado.<\/li>\n\n\n\n<li>Aplica un <strong>spray fijador ligero<\/strong> para mantener el peinado durante horas.<\/li>\n<\/ul>\n<\/li>\n\n\n\n<li><strong>Toques Finales:<\/strong>\n<ul class=\"wp-block-list\">\n<li>Si buscas m\u00e1s volumen, aplica un <strong>spray texturizador<\/strong> en las ra\u00edces y masajea suavemente con los dedos.<\/li>\n\n\n\n<li>Finaliza con un toque de <strong>spray de brillo<\/strong> para un acabado deslumbrante.<\/li>\n<\/ul>\n<\/li>\n<\/ol>\n\n\n\n<p><strong>Tip Adicional:<\/strong> Si tienes flequillo, ond\u00falalo ligeramente hacia los lados para integrarlo al look de manera armoniosa.<\/p>\n\n\n\n<hr class=\"wp-block-separator has-alpha-channel-opacity\"\/>\n\n\n\n<h3 class=\"wp-block-heading\"><strong>Productos Recomendados<\/strong><\/h3>\n\n\n\n<ul class=\"wp-block-list\">\n<li><strong><a href=\"https:\/\/www.cortapelosyplanchas.com\/productos-peluqueria\/protector-termico.html\">Protector T\u00e9rmico<\/a>:<\/strong> Indispensable para proteger tu cabello del calor.<\/li>\n\n\n\n<li><strong><a href=\"https:\/\/www.cortapelosyplanchas.com\/rizadores.html\">Plancha o Rizador<\/a>:<\/strong> Opta por herramientas con regulaci\u00f3n de temperatura para un acabado perfecto.<\/li>\n\n\n\n<li><strong>Spray Texturizador:<\/strong> Ideal para dar m\u00e1s volumen y fijaci\u00f3n.<\/li>\n<\/ul>\n\n\n\n<hr class=\"wp-block-separator has-alpha-channel-opacity\"\/>\n\n\n\n<h3 class=\"wp-block-heading\"><strong>Ventajas de las Ondas Suaves<\/strong><\/h3>\n\n\n\n<ol class=\"wp-block-list\">\n<li><strong>Facilidad de Realizaci\u00f3n:<\/strong> Con las herramientas adecuadas, puedes lograrlo en casa.<\/li>\n\n\n\n<li><strong>Look Vers\u00e1til:<\/strong> Se adapta a eventos formales e informales.<\/li>\n\n\n\n<li><strong>Apariencia Natural:<\/strong> Combina lo mejor del glamour con la frescura.<\/li>\n<\/ol>\n\n\n\n<hr class=\"wp-block-separator has-alpha-channel-opacity\"\/>\n\n\n\n<h3 class=\"wp-block-heading\"><strong>Inspiraci\u00f3n para Tu Look<\/strong><\/h3>\n\n\n\n<p>Las ondas suaves son un peinado cl\u00e1sico que nunca pasa de moda. Celebrities y modelos suelen optar por este estilo en alfombras rojas y sesiones fotogr\u00e1ficas, ya que equilibra elegancia y naturalidad.<\/p>\n\n\n\n<hr class=\"wp-block-separator has-alpha-channel-opacity\"\/>\n\n\n\n<p>\u00bfQuieres saber m\u00e1s sobre las herramientas ideales para lograr este look? En nuestra tienda puedes encontrar los mejores rizadores, planchas y sprays para que luzcas espectacular esta Navidad. \ud83d\ude0a<\/p>\n\n\n\n<p><strong><a href=\"https:\/\/www.cortapelosyplanchas.com\/\">www.cortapelosyplanchas.com<\/a><\/strong><\/p>\n\n\n\n<figure class=\"wp-block-image size-full\"><a href=\"https:\/\/cortapelosyplanchas.com\/blog\/wp-content\/uploads\/2024\/12\/peinado-Ondas-Suaves-Glamour-y-Naturalidad-con-planchas.webp\"><img loading=\"lazy\" decoding=\"async\" width=\"1024\" height=\"1024\" src=\"https:\/\/cortapelosyplanchas.com\/blog\/wp-content\/uploads\/2024\/12\/peinado-Ondas-Suaves-Glamour-y-Naturalidad-con-planchas.webp\" alt=\"\" class=\"wp-image-2881\" srcset=\"https:\/\/cortapelosyplanchas.com\/blog\/wp-content\/uploads\/2024\/12\/peinado-Ondas-Suaves-Glamour-y-Naturalidad-con-planchas.webp 1024w, https:\/\/cortapelosyplanchas.com\/blog\/wp-content\/uploads\/2024\/12\/peinado-Ondas-Suaves-Glamour-y-Naturalidad-con-planchas-300x300.webp 300w, https:\/\/cortapelosyplanchas.com\/blog\/wp-content\/uploads\/2024\/12\/peinado-Ondas-Suaves-Glamour-y-Naturalidad-con-planchas-150x150.webp 150w, https:\/\/cortapelosyplanchas.com\/blog\/wp-content\/uploads\/2024\/12\/peinado-Ondas-Suaves-Glamour-y-Naturalidad-con-planchas-768x768.webp 768w\" sizes=\"auto, (max-width: 1024px) 100vw, 1024px\" \/><\/a><\/figure>\n\n\n\n<p>El protector termico m\u00e1s vendido en nuestra web <\/p>\n\n\n\n<figure class=\"wp-block-image\"><a href=\"https:\/\/www.cortapelosyplanchas.com\/protector-termico-250-ml-para-la-proteccion-secador-planchas-o-tenacillas.html\"><img decoding=\"async\" src=\"https:\/\/www.cortapelosyplanchas.com\/media\/catalog\/product\/cache\/1\/small_image\/194x\/9df78eab33525d08d6e5fb8d27136e95\/p\/r\/protector_termico_250_ml_para_la_protecci_n_secador_planchas_o_tenacillas_-_antiencrespamiento.jpeg\" alt=\"Protector Termico 250 Ml para la protecci\u00f3n secador, planchas o tenacillas - Antiencrespamiento\"\/><\/a><\/figure>\n\n\n\n<h2 class=\"wp-block-heading\"><a href=\"https:\/\/www.cortapelosyplanchas.com\/protector-termico-250-ml-para-la-proteccion-secador-planchas-o-tenacillas.html\">Protector Termico 250 Ml para la protecci\u00f3n secador, planchas o tenacillas &#8211; Antiencrespamiento<\/a><\/h2>\n\n\n\n<p>Protector Termico 250 Ml para la protecci\u00f3n y el cuidado del ca&#8230;<\/p>\n\n\n\n<p><strong><em><s>\u20ac&nbsp;6,50<\/s><\/em><\/strong><\/p>\n\n\n\n<p><strong>\u20ac&nbsp;4,59<\/strong><\/p>\n\n\n\n<p>La nueva herramienta de ghd para lograr tu peinado perfecto <\/p>\n\n\n\n<figure class=\"wp-block-image\"><a href=\"https:\/\/www.cortapelosyplanchas.com\/ghd-curve-classic-wave-rizador-para-ondas-naturales.html\"><img decoding=\"async\" src=\"https:\/\/www.cortapelosyplanchas.com\/media\/catalog\/product\/cache\/1\/small_image\/194x\/9df78eab33525d08d6e5fb8d27136e95\/g\/h\/ghd_curve_creative_curl_rizador_1.jpg\" alt=\"GHD Curve Classic Wave Rizador\"\/><\/a><\/figure>\n\n\n\n<h2 class=\"wp-block-heading\"><a href=\"https:\/\/www.cortapelosyplanchas.com\/ghd-curve-classic-wave-rizador-para-ondas-naturales.html\">GHD Curve Classic Wave Rizador para Ondas Naturales<\/a><\/h2>\n\n\n\n<p>Rizador GHD Curve Classic Wave para Hacer Ondas Naturales en Cabellos &#8230;<\/p>\n\n\n\n<p><strong><em><s>\u20ac&nbsp;209,00<\/s><\/em><\/strong><\/p>\n\n\n\n<p><strong>\u20ac&nbsp;198,00<\/strong><\/p>\n\n\n\n<h2 class=\"wp-block-heading\">3. <strong>Coleta Alta Pulida: Moderna y Chic<\/strong><\/h2>\n\n\n\n<p>La <strong>Coleta Alta Pulida<\/strong> es un peinado moderno y chic que estiliza el rostro y destaca las facciones. Ideal para las comidas de empresa en Navidad, este estilo combina comodidad y elegancia, siendo una opci\u00f3n sofisticada y f\u00e1cil de lograr.<\/p>\n\n\n\n<hr class=\"wp-block-separator has-alpha-channel-opacity\"\/>\n\n\n\n<h3 class=\"wp-block-heading\"><strong>Caracter\u00edsticas de la Coleta Alta Pulida<\/strong><\/h3>\n\n\n\n<ul class=\"wp-block-list\">\n<li><strong>Acabado Elegante:<\/strong> Perfecta para proyectar profesionalismo y estilo.<\/li>\n\n\n\n<li><strong>Versatilidad:<\/strong> Combina con todo tipo de outfit, desde trajes hasta vestidos de c\u00f3ctel.<\/li>\n\n\n\n<li><strong>Resalta las Facciones:<\/strong> Ideal para quienes quieren destacar sus rasgos faciales.<\/li>\n<\/ul>\n\n\n\n<hr class=\"wp-block-separator has-alpha-channel-opacity\"\/>\n\n\n\n<h3 class=\"wp-block-heading\"><strong>C\u00f3mo Lograr la Coleta Alta Pulida Paso a Paso<\/strong><\/h3>\n\n\n\n<p><strong>Tiempo estimado:<\/strong> 10-15 minutos<br><strong>Ideal para:<\/strong> Todo tipo de cabello, especialmente medio o largo.<\/p>\n\n\n\n<ol class=\"wp-block-list\">\n<li><strong>Preparaci\u00f3n:<\/strong>\n<ul class=\"wp-block-list\">\n<li>Lava y seca tu cabello completamente.<\/li>\n\n\n\n<li>Aplica un <strong>protector t\u00e9rmico<\/strong> y alisa el cabello si es necesario para un acabado m\u00e1s pulido.<\/li>\n<\/ul>\n<\/li>\n\n\n\n<li><strong>Alisado Previo (Opcional):<\/strong>\n<ul class=\"wp-block-list\">\n<li>Si tu cabello es ondulado o rizado, usa una plancha para alisarlo antes de recogerlo.<\/li>\n\n\n\n<li>Esto facilitar\u00e1 el proceso y dar\u00e1 un aspecto m\u00e1s limpio al peinado.<\/li>\n<\/ul>\n<\/li>\n\n\n\n<li><strong>Creaci\u00f3n de la Coleta:<\/strong>\n<ul class=\"wp-block-list\">\n<li>Peina todo el cabello hacia atr\u00e1s con un <strong>cepillo de cerdas finas<\/strong> para eliminar bultos y lograr un acabado liso.<\/li>\n\n\n\n<li>Recoge el cabello en una coleta alta, justo en la parte superior de la coronilla.<\/li>\n\n\n\n<li>Aseg\u00farate de que quede bien ajustada para evitar que se afloje durante el evento.<\/li>\n<\/ul>\n<\/li>\n\n\n\n<li><strong>Sujeci\u00f3n:<\/strong>\n<ul class=\"wp-block-list\">\n<li>Fija la coleta con una goma invisible o un coletero elegante.<\/li>\n\n\n\n<li>Toma un peque\u00f1o mech\u00f3n de la coleta, envu\u00e9lvelo alrededor de la goma para ocultarla y sujeta el mech\u00f3n con una horquilla.<\/li>\n<\/ul>\n<\/li>\n\n\n\n<li><strong>Finalizaci\u00f3n:<\/strong>\n<ul class=\"wp-block-list\">\n<li>Aplica un <strong>gel fijador o cera capilar<\/strong> en las ra\u00edces para eliminar frizz y dar un aspecto impecable.<\/li>\n\n\n\n<li>Usa un spray de brillo para intensificar el acabado pulido.<\/li>\n<\/ul>\n<\/li>\n\n\n\n<li><strong>Toques Finales:<\/strong>\n<ul class=\"wp-block-list\">\n<li>Si tienes flequillo, al\u00edsalo y acom\u00f3dalo hacia un lado o int\u00e9gralo al peinado.<\/li>\n\n\n\n<li>Puedes a\u00f1adir accesorios como clips decorativos o un coletero brillante para un toque festivo.<\/li>\n<\/ul>\n<\/li>\n<\/ol>\n\n\n\n<p><strong>Tip Adicional:<\/strong> Si deseas m\u00e1s volumen en la coleta, usa un peine para cardar ligeramente las ra\u00edces del cabello en la coleta antes de fijarla.<\/p>\n\n\n\n<hr class=\"wp-block-separator has-alpha-channel-opacity\"\/>\n\n\n\n<h3 class=\"wp-block-heading\"><strong>Productos Recomendados<\/strong><\/h3>\n\n\n\n<ul class=\"wp-block-list\">\n<li><strong><a href=\"https:\/\/www.cortapelosyplanchas.com\/utensilios\/cepillos.html\">Cepillo de Cerdas Finas<\/a>:<\/strong> Ideal para peinar el cabello hacia atr\u00e1s sin da\u00f1ar.<\/li>\n\n\n\n<li><strong><a href=\"https:\/\/www.cortapelosyplanchas.com\/productos-peluqueria\/fijador-peinado.html\">Gel o Cera Fijadora<\/a>:<\/strong> Ayuda a mantener el cabello en su lugar durante todo el d\u00eda.<\/li>\n\n\n\n<li><strong><a href=\"https:\/\/www.cortapelosyplanchas.com\/ghd-serum-smooth-finish-brillo-y-suavidad-instantaneos.html\">Spray de Brillo<\/a>:<\/strong> Para un acabado deslumbrante.<\/li>\n<\/ul>\n\n\n\n<hr class=\"wp-block-separator has-alpha-channel-opacity\"\/>\n\n\n\n<h3 class=\"wp-block-heading\"><strong>Ventajas de la Coleta Alta Pulida<\/strong><\/h3>\n\n\n\n<ol class=\"wp-block-list\">\n<li><strong>Practicidad:<\/strong> Es r\u00e1pido y f\u00e1cil de hacer, pero con un resultado profesional.<\/li>\n\n\n\n<li><strong>Elegancia Atemporal:<\/strong> Este estilo nunca pasa de moda y siempre luce sofisticado.<\/li>\n\n\n\n<li><strong>Versatilidad:<\/strong> Combina con cualquier look y ocasi\u00f3n.<\/li>\n<\/ol>\n\n\n\n<hr class=\"wp-block-separator has-alpha-channel-opacity\"\/>\n\n\n\n<h3 class=\"wp-block-heading\"><strong>Inspiraci\u00f3n para Tu Look<\/strong><\/h3>\n\n\n\n<p>Este peinado ha sido lucido por muchas celebridades en alfombras rojas, mostrando su capacidad de adaptarse a eventos formales y casuales. La coleta alta es una opci\u00f3n infalible para transmitir seguridad y estilo.<\/p>\n\n\n\n<p>\u00bfBuscas las herramientas ideales para conseguir este look? Descubre nuestra selecci\u00f3n de cepillos, planchas y productos de styling en nuestra tienda online. \u00a1Prep\u00e1rate para deslumbrar estas fiestas! \ud83d\ude0a<\/p>\n\n\n\n<p><strong><a href=\"https:\/\/www.cortapelosyplanchas.com\/\">www.cortapelosyplanchas.com<\/a><\/strong><\/p>\n\n\n\n<figure class=\"wp-block-image size-full\"><a href=\"https:\/\/cortapelosyplanchas.com\/blog\/wp-content\/uploads\/2024\/12\/Coleta-Alta-Pulida-Moderna-y-Chic.webp\"><img loading=\"lazy\" decoding=\"async\" width=\"1024\" height=\"1024\" src=\"https:\/\/cortapelosyplanchas.com\/blog\/wp-content\/uploads\/2024\/12\/Coleta-Alta-Pulida-Moderna-y-Chic.webp\" alt=\"\" class=\"wp-image-2883\" srcset=\"https:\/\/cortapelosyplanchas.com\/blog\/wp-content\/uploads\/2024\/12\/Coleta-Alta-Pulida-Moderna-y-Chic.webp 1024w, https:\/\/cortapelosyplanchas.com\/blog\/wp-content\/uploads\/2024\/12\/Coleta-Alta-Pulida-Moderna-y-Chic-300x300.webp 300w, https:\/\/cortapelosyplanchas.com\/blog\/wp-content\/uploads\/2024\/12\/Coleta-Alta-Pulida-Moderna-y-Chic-150x150.webp 150w, https:\/\/cortapelosyplanchas.com\/blog\/wp-content\/uploads\/2024\/12\/Coleta-Alta-Pulida-Moderna-y-Chic-768x768.webp 768w\" sizes=\"auto, (max-width: 1024px) 100vw, 1024px\" \/><\/a><\/figure>\n\n\n\n<p>Las herramientas m\u00e1s usadas para este peinado de alisado son los cepillos alisadores y el mas usado en peluquer\u00eda profesinal es el GHD.<\/p>\n\n\n\n<figure class=\"wp-block-image\"><a href=\"https:\/\/www.cortapelosyplanchas.com\/ghd-glide-cepillo-electrico-alisador-ionico.html\"><img decoding=\"async\" src=\"https:\/\/www.cortapelosyplanchas.com\/media\/catalog\/product\/cache\/1\/small_image\/194x\/9df78eab33525d08d6e5fb8d27136e95\/g\/h\/ghd_glide_cepillo_ele_ctrico_alisador_io_nico.jpg\" alt=\"GHD Glide Cepillo El\u00e9ctrico Alisador I\u00f3nico\"\/><\/a><\/figure>\n\n\n\n<h2 class=\"wp-block-heading\"><a href=\"https:\/\/www.cortapelosyplanchas.com\/ghd-glide-cepillo-electrico-alisador-ionico.html\">GHD Glide Cepillo El\u00e9ctrico Alisador I\u00f3nico<\/a><\/h2>\n\n\n\n<p>GHD Glide Cepillo El\u00e9ctrico I\u00f3nico para Alisar y Mantene&#8230;<\/p>\n\n\n\n<p><strong><em><s>\u20ac&nbsp;179,00<\/s><\/em><\/strong><\/p>\n\n\n\n<p><strong>\u20ac&nbsp;169,00<\/strong><\/p>\n\n\n\n<h2 class=\"wp-block-heading\">4. <strong>Mo\u00f1o Bajo Desenfadado: Elegancia con un Toque Rom\u00e1ntico<\/strong><\/h2>\n\n\n\n<p>El <strong>Mo\u00f1o Bajo Desenfadado<\/strong> es un peinado que combina elegancia y un toque rom\u00e1ntico, perfecto para comidas de empresa en Navidad. Este estilo es ideal si buscas un look relajado pero sofisticado, que enmarque delicadamente el rostro y aporte un aire cl\u00e1sico pero moderno.<\/p>\n\n\n\n<hr class=\"wp-block-separator has-alpha-channel-opacity\"\/>\n\n\n\n<h3 class=\"wp-block-heading\"><strong>Caracter\u00edsticas del Mo\u00f1o Bajo Desenfadado<\/strong><\/h3>\n\n\n\n<ul class=\"wp-block-list\">\n<li><strong>Estilo Rom\u00e1ntico:<\/strong> Ideal para destacar la delicadeza y la elegancia.<\/li>\n\n\n\n<li><strong>Relajado pero Sofisticado:<\/strong> Un peinado que se adapta tanto a eventos formales como informales.<\/li>\n\n\n\n<li><strong>Versatilidad:<\/strong> Funciona en cabellos medios y largos, tanto lisos como ligeramente ondulados.<\/li>\n<\/ul>\n\n\n\n<hr class=\"wp-block-separator has-alpha-channel-opacity\"\/>\n\n\n\n<h3 class=\"wp-block-heading\"><strong>C\u00f3mo Lograr el Mo\u00f1o Bajo Desenfadado Paso a Paso<\/strong><\/h3>\n\n\n\n<p><strong>Tiempo estimado:<\/strong> 15-20 minutos<br><strong>Ideal para:<\/strong> Cabello de longitud media o larga.<\/p>\n\n\n\n<ol class=\"wp-block-list\">\n<li><strong>Preparaci\u00f3n:<\/strong>\n<ul class=\"wp-block-list\">\n<li>Lava y seca tu cabello. Si quieres un toque extra de volumen, aplica un spray texturizador o mousse en las ra\u00edces.<\/li>\n\n\n\n<li>Si tu cabello es liso, puedes hacer ondas suaves antes de recogerlo para darle m\u00e1s movimiento.<\/li>\n<\/ul>\n<\/li>\n\n\n\n<li><strong>Creaci\u00f3n de la Base:<\/strong>\n<ul class=\"wp-block-list\">\n<li>Peina todo el cabello hacia atr\u00e1s o con una ligera raya al medio.<\/li>\n\n\n\n<li>Recoge el cabello en una coleta baja, justo por encima de la nuca. No ajustes demasiado la goma para un efecto m\u00e1s relajado.<\/li>\n<\/ul>\n<\/li>\n\n\n\n<li><strong>Formaci\u00f3n del Mo\u00f1o:<\/strong>\n<ul class=\"wp-block-list\">\n<li>Toma la coleta y g\u00edrala suavemente sobre s\u00ed misma para crear un mo\u00f1o.<\/li>\n\n\n\n<li>Sujeta el mo\u00f1o con horquillas invisibles, dejando algunos mechones sueltos para un efecto m\u00e1s natural.<\/li>\n<\/ul>\n<\/li>\n\n\n\n<li><strong>Detalles Desenfadados:<\/strong>\n<ul class=\"wp-block-list\">\n<li>Saca algunos mechones alrededor del rostro para enmarcarlo de forma suave. Puedes ondular estos mechones con una plancha peque\u00f1a para un toque m\u00e1s rom\u00e1ntico.<\/li>\n\n\n\n<li>Afloja ligeramente el mo\u00f1o tirando suavemente de algunos mechones para que no quede demasiado tirante.<\/li>\n<\/ul>\n<\/li>\n\n\n\n<li><strong>Fijaci\u00f3n:<\/strong>\n<ul class=\"wp-block-list\">\n<li>Usa un spray de fijaci\u00f3n media para mantener el peinado en su lugar sin perder el aspecto relajado.<\/li>\n\n\n\n<li>Aplica un spray de brillo para un acabado elegante.<\/li>\n<\/ul>\n<\/li>\n\n\n\n<li><strong>Accesorios (Opcional):<\/strong>\n<ul class=\"wp-block-list\">\n<li>Si deseas un look m\u00e1s festivo, puedes a\u00f1adir horquillas decorativas, clips con brillo o una diadema elegante.<\/li>\n<\/ul>\n<\/li>\n<\/ol>\n\n\n\n<p><strong>Tip Adicional:<\/strong> Para que el mo\u00f1o dure toda la jornada, usa horquillas cruzadas para fijar mejor el cabello.<\/p>\n\n\n\n<hr class=\"wp-block-separator has-alpha-channel-opacity\"\/>\n\n\n\n<h3 class=\"wp-block-heading\"><strong>Productos Recomendados<\/strong><\/h3>\n\n\n\n<ul class=\"wp-block-list\">\n<li><strong>Spray Texturizador:<\/strong> Para dar cuerpo y facilitar la creaci\u00f3n del mo\u00f1o.<\/li>\n\n\n\n<li><strong><a href=\"https:\/\/www.cortapelosyplanchas.com\/utensilios\/clips.html\">Horquillas Invisibles<\/a>:<\/strong> Aseguran el peinado sin quitarle naturalidad.<\/li>\n\n\n\n<li><strong><a href=\"https:\/\/www.cortapelosyplanchas.com\/productos-peluqueria\/fijador-peinado.html\">Spray de Fijaci\u00f3n<\/a>:<\/strong> Para mantener el estilo durante horas.<\/li>\n<\/ul>\n\n\n\n<hr class=\"wp-block-separator has-alpha-channel-opacity\"\/>\n\n\n\n<h3 class=\"wp-block-heading\"><strong>Ventajas del Mo\u00f1o Bajo Desenfadado<\/strong><\/h3>\n\n\n\n<ol class=\"wp-block-list\">\n<li><strong>Romanticismo Atemporal:<\/strong> Perfecto para destacar en eventos formales.<\/li>\n\n\n\n<li><strong>Comodidad:<\/strong> Mantiene el cabello recogido y ordenado durante todo el d\u00eda.<\/li>\n\n\n\n<li><strong>Facilidad de Adaptaci\u00f3n:<\/strong> Se puede personalizar con accesorios para adaptarlo a cualquier ocasi\u00f3n.<\/li>\n<\/ol>\n\n\n\n<hr class=\"wp-block-separator has-alpha-channel-opacity\"\/>\n\n\n\n<h3 class=\"wp-block-heading\"><strong>Inspiraci\u00f3n para Tu Look<\/strong><\/h3>\n\n\n\n<p>El mo\u00f1o bajo desenfadado es una opci\u00f3n cl\u00e1sica que nunca pasa de moda. Celebridades y estilistas lo eligen para galas y eventos importantes gracias a su capacidad para equilibrar elegancia y naturalidad.<\/p>\n\n\n\n<hr class=\"wp-block-separator has-alpha-channel-opacity\"\/>\n\n\n\n<p>\u00bfQuieres herramientas y productos para lograr este peinado? En nuestra tienda encontrar\u00e1s todo lo necesario, desde sprays texturizadores hasta horquillas de calidad. \u00a1Haz tu look realidad estas fiestas! \ud83d\ude0a<\/p>\n\n\n\n<p><strong><a href=\"https:\/\/www.cortapelosyplanchas.com\/\">www.cortapelosyplanchas.com<\/a><\/strong><\/p>\n\n\n\n<figure class=\"wp-block-image size-full\"><a href=\"https:\/\/cortapelosyplanchas.com\/blog\/wp-content\/uploads\/2024\/12\/Mono-Bajo-Desenfadado-Elegancia-con-un-Toque-Romantico-peinado.webp\"><img loading=\"lazy\" decoding=\"async\" width=\"1024\" height=\"1024\" src=\"https:\/\/cortapelosyplanchas.com\/blog\/wp-content\/uploads\/2024\/12\/Mono-Bajo-Desenfadado-Elegancia-con-un-Toque-Romantico-peinado.webp\" alt=\"\" class=\"wp-image-2884\" srcset=\"https:\/\/cortapelosyplanchas.com\/blog\/wp-content\/uploads\/2024\/12\/Mono-Bajo-Desenfadado-Elegancia-con-un-Toque-Romantico-peinado.webp 1024w, https:\/\/cortapelosyplanchas.com\/blog\/wp-content\/uploads\/2024\/12\/Mono-Bajo-Desenfadado-Elegancia-con-un-Toque-Romantico-peinado-300x300.webp 300w, https:\/\/cortapelosyplanchas.com\/blog\/wp-content\/uploads\/2024\/12\/Mono-Bajo-Desenfadado-Elegancia-con-un-Toque-Romantico-peinado-150x150.webp 150w, https:\/\/cortapelosyplanchas.com\/blog\/wp-content\/uploads\/2024\/12\/Mono-Bajo-Desenfadado-Elegancia-con-un-Toque-Romantico-peinado-768x768.webp 768w\" sizes=\"auto, (max-width: 1024px) 100vw, 1024px\" \/><\/a><\/figure>\n\n\n\n<p>Para una fijaci\u00f3n perfecta nuestro consejo es la Laca GHD es uan apuesta segura !!<\/p>\n\n\n\n<figure class=\"wp-block-image\"><a href=\"https:\/\/www.cortapelosyplanchas.com\/ghd-laca-fijadora-final-fix-400ml-fijacion-flexible.html\"><img decoding=\"async\" src=\"https:\/\/www.cortapelosyplanchas.com\/media\/catalog\/product\/cache\/1\/small_image\/194x\/9df78eab33525d08d6e5fb8d27136e95\/g\/h\/ghd_laca_fijadora_final_fix_400ml_fijacio_n_flexible.jpg\" alt=\"GHD Laca Fijadora Final Fix 400ml Fijaci\u00f3n Flexible\"\/><\/a><\/figure>\n\n\n\n<h2 class=\"wp-block-heading\"><a href=\"https:\/\/www.cortapelosyplanchas.com\/ghd-laca-fijadora-final-fix-400ml-fijacion-flexible.html\">GHD Laca Fijadora Final Fix 400ml Fijaci\u00f3n Flexible<\/a><\/h2>\n\n\n\n<p>Laca Fijadora Fijaci\u00f3n Flexible GHD Final Fix 400ml<\/p>\n\n\n\n<p><strong><em><s>\u20ac&nbsp;16,30<\/s><\/em><\/strong><\/p>\n\n\n\n<p><strong>\u20ac&nbsp;14,67<\/strong><\/p>\n\n\n\n<h2 class=\"wp-block-heading\">5. <strong>Efecto Wet: Atrevido y Sofisticado<\/strong><\/h2>\n\n\n\n<p>El <strong>Efecto Wet<\/strong> es un peinado atrevido y sofisticado que sigue siendo tendencia para esta Navidad 2024. Este estilo simula el cabello mojado, aportando un brillo intenso y una apariencia elegante y moderna.<\/p>\n\n\n\n<h3 class=\"wp-block-heading\"><strong>Caracter\u00edsticas del Efecto Wet: Atrevido y Sofisticado<\/strong><\/h3>\n\n\n\n<ul class=\"wp-block-list\">\n<li><strong>Brillo Intenso:<\/strong> El cabello luce h\u00famedo y brillante, dando una sensaci\u00f3n fresca y moderna.<\/li>\n\n\n\n<li><strong>Acabado Pulido:<\/strong> Los cabellos quedan bien peinados y fijados, evitando el encrespamiento.<\/li>\n\n\n\n<li><strong>Versatilidad:<\/strong> Puede adaptarse a cabellos cortos, medios o largos, y se puede peinar hacia atr\u00e1s o con raya al lado.<\/li>\n\n\n\n<li><strong>Impacto Visual:<\/strong> Es un look que resalta las facciones y complementa perfectamente con maquillaje llamativo y accesorios.<\/li>\n<\/ul>\n\n\n\n<h3 class=\"wp-block-heading\"><strong>C\u00f3mo Lograr el Peinado Paso a Paso<\/strong><\/h3>\n\n\n\n<p><strong>Tiempo estimado:<\/strong> 10-15 minutos<br><strong>Ideal para:<\/strong> Todo tipo y longitud de cabello<\/p>\n\n\n\n<ol class=\"wp-block-list\">\n<li><strong>Preparaci\u00f3n:<\/strong>\n<ul class=\"wp-block-list\">\n<li>Lava tu cabello y s\u00e9calo ligeramente con una toalla hasta que est\u00e9 h\u00famedo pero no empapado.<\/li>\n\n\n\n<li>Si prefieres, tambi\u00e9n puedes hacerlo con el cabello seco para un efecto menos h\u00famedo.<\/li>\n<\/ul>\n<\/li>\n\n\n\n<li><strong>Aplicaci\u00f3n de Producto:<\/strong>\n<ul class=\"wp-block-list\">\n<li>Aplica una cantidad generosa de <strong>gel fijador de alta calidad<\/strong> en tus manos.<\/li>\n\n\n\n<li>Distribuye el gel desde las ra\u00edces hasta las puntas, asegur\u00e1ndote de cubrir todo el cabello.<\/li>\n<\/ul>\n<\/li>\n\n\n\n<li><strong>Peinado:<\/strong>\n<ul class=\"wp-block-list\">\n<li>Utiliza un peine de dientes finos para peinar el cabello hacia atr\u00e1s o en la direcci\u00f3n que prefieras.<\/li>\n\n\n\n<li>Para un look m\u00e1s estructurado, peina todo el cabello hacia atr\u00e1s sin raya.<\/li>\n\n\n\n<li>Si deseas una raya lateral o al medio, div\u00eddela con el peine antes de aplicar el gel.<\/li>\n<\/ul>\n<\/li>\n\n\n\n<li><strong>Fijaci\u00f3n:<\/strong>\n<ul class=\"wp-block-list\">\n<li>Una vez peinado, aplica un poco m\u00e1s de gel en las \u00e1reas que necesiten mayor fijaci\u00f3n.<\/li>\n\n\n\n<li>Aseg\u00farate de que no queden cabellos sueltos o encrespados.<\/li>\n<\/ul>\n<\/li>\n\n\n\n<li><strong>Toques Finales:<\/strong>\n<ul class=\"wp-block-list\">\n<li>Pulveriza un <strong>spray de brillo<\/strong> para intensificar el efecto mojado y dar un acabado m\u00e1s pulido.<\/li>\n\n\n\n<li>Si tienes cabellos rebeldes, utiliza horquillas invisibles para mantenerlos en su lugar.<\/li>\n<\/ul>\n<\/li>\n<\/ol>\n\n\n\n<p><strong>Tip Adicional:<\/strong> Este peinado luce espectacular cuando se combina con pendientes llamativos y un maquillaje que resalte, como labios rojos o un smokey eye.<\/p>\n\n\n\n<h3 class=\"wp-block-heading\"><strong>Productos Recomendados<\/strong><\/h3>\n\n\n\n<ul class=\"wp-block-list\">\n<li><strong><a href=\"https:\/\/www.cortapelosyplanchas.com\/productos-peluqueria\/fijador-peinado\/gel-de-peinado.html\">Gel Fijador de Alta Calidad<\/a>:<\/strong> Opta por uno que no deje residuos y ofrezca un brillo natural.<\/li>\n\n\n\n<li><strong><a href=\"https:\/\/www.cortapelosyplanchas.com\/ghd-serum-smooth-finish-brillo-y-suavidad-instantaneos.html\">Spray de Brillo:<\/a><\/strong> Para potenciar el efecto h\u00famedo y dar un acabado de sal\u00f3n.<\/li>\n\n\n\n<li><strong><a href=\"https:\/\/www.cortapelosyplanchas.com\/utensilios\/peines.html\">Peine de Dientes Finos<\/a>:<\/strong> Ayuda a distribuir el producto de manera uniforme y a lograr un peinado perfecto.<\/li>\n<\/ul>\n\n\n\n<h3 class=\"wp-block-heading\"><strong>Inspiraci\u00f3n para Tu Look<\/strong><\/h3>\n\n\n\n<p>El efecto wet ha sido lucido por muchas celebridades en alfombras rojas y eventos importantes, demostrando su versatilidad y elegancia. Es una opci\u00f3n ideal si buscas destacar y darle un giro moderno a tu estilo habitual.<\/p>\n\n\n\n<figure class=\"wp-block-image size-full\"><a href=\"https:\/\/cortapelosyplanchas.com\/blog\/wp-content\/uploads\/2024\/12\/Efecto-Wet-Atrevido-y-Sofisticado.webp\"><img loading=\"lazy\" decoding=\"async\" width=\"1024\" height=\"1024\" src=\"https:\/\/cortapelosyplanchas.com\/blog\/wp-content\/uploads\/2024\/12\/Efecto-Wet-Atrevido-y-Sofisticado.webp\" alt=\"\" class=\"wp-image-2885\" srcset=\"https:\/\/cortapelosyplanchas.com\/blog\/wp-content\/uploads\/2024\/12\/Efecto-Wet-Atrevido-y-Sofisticado.webp 1024w, https:\/\/cortapelosyplanchas.com\/blog\/wp-content\/uploads\/2024\/12\/Efecto-Wet-Atrevido-y-Sofisticado-300x300.webp 300w, https:\/\/cortapelosyplanchas.com\/blog\/wp-content\/uploads\/2024\/12\/Efecto-Wet-Atrevido-y-Sofisticado-150x150.webp 150w, https:\/\/cortapelosyplanchas.com\/blog\/wp-content\/uploads\/2024\/12\/Efecto-Wet-Atrevido-y-Sofisticado-768x768.webp 768w\" sizes=\"auto, (max-width: 1024px) 100vw, 1024px\" \/><\/a><\/figure>\n\n\n\n<figure class=\"wp-block-gallery has-nested-images columns-default is-cropped wp-block-gallery-1 is-layout-flex wp-block-gallery-is-layout-flex\"><\/figure>\n","protected":false},"excerpt":{"rendered":"","protected":false},"author":1,"featured_media":2894,"comment_status":"closed","ping_status":"closed","sticky":false,"template":"","format":"standard","meta":{"footnotes":""},"categories":[461,2039,44],"tags":[2020,2032,2038,2025,2022,2033,2036,2030,2037,2024,2034,2023,2028,2021,2027,2029,2031,2035,2026],"class_list":["post-2878","post","type-post","status-publish","format-standard","has-post-thumbnail","hentry","category-modas-y-tendencias-de-peluqueria","category-peinados","category-productos-de-peluqueria","tag-alisado-perfecto","tag-cabello-liso-perfecto","tag-cabello-pulido","tag-coleta-alta-pulida","tag-comidas-de-empresa-peinados","tag-estilos-de-cabello-festivos","tag-ideas-de-peinados","tag-looks-navidad-2024","tag-looks-para-comidas-de-empresa","tag-mono-bajo-desenfadado","tag-ondas-glamorosas","tag-ondas-suaves","tag-peinados-elegantes","tag-peinados-navidad-2024","tag-peinados-para-mujeres-navidad","tag-peinados-rapidos-navidad","tag-peinados-sofisticados","tag-recogidos-elegantes","tag-tendencias-peinados-2024"],"yoast_head":"<!-- This site is optimized with the Yoast SEO plugin v27.4 - https:\/\/yoast.com\/product\/yoast-seo-wordpress\/ -->\n<title>5 Peinados Elegantes para las comidas de Empresa Navidad 2024<\/title>\n<meta name=\"description\" content=\"Descubre los peinados m\u00e1s elegantes para las comidas de empresa en Navidad 2024. Aprende c\u00f3mo hacerlos paso a paso, desde alisados perfectos hasta ondas suaves y mo\u00f1os desenfadados. \u00a1Luce espectacular estas fiestas!\" \/>\n<meta name=\"robots\" content=\"index, follow, max-snippet:-1, max-image-preview:large, max-video-preview:-1\" \/>\n<link rel=\"canonical\" href=\"https:\/\/cortapelosyplanchas.com\/blog\/5-peinados-elegantes-para-las-comidas-de-empresa-esta-navidad-2024\/\" \/>\n<meta property=\"og:locale\" content=\"es_ES\" \/>\n<meta property=\"og:type\" content=\"article\" \/>\n<meta property=\"og:title\" content=\"5 Peinados Elegantes para las comidas de Empresa Navidad 2024\" \/>\n<meta property=\"og:description\" content=\"Descubre los peinados m\u00e1s elegantes para las comidas de empresa en Navidad 2024. Aprende c\u00f3mo hacerlos paso a paso, desde alisados perfectos hasta ondas suaves y mo\u00f1os desenfadados. \u00a1Luce espectacular estas fiestas!\" \/>\n<meta property=\"og:url\" content=\"https:\/\/cortapelosyplanchas.com\/blog\/5-peinados-elegantes-para-las-comidas-de-empresa-esta-navidad-2024\/\" \/>\n<meta property=\"og:site_name\" content=\"Cortapelos y Planchas\" \/>\n<meta property=\"article:published_time\" content=\"2024-12-08T10:41:39+00:00\" \/>\n<meta property=\"article:modified_time\" content=\"2024-12-18T10:24:08+00:00\" \/>\n<meta property=\"og:image\" content=\"https:\/\/cortapelosyplanchas.com\/blog\/wp-content\/uploads\/2024\/12\/5-Peinados-Elegantes-para-las-Comidas-de-Empresa-esta-Navidad-2024-1.webp\" \/>\n\t<meta property=\"og:image:width\" content=\"1024\" \/>\n\t<meta property=\"og:image:height\" content=\"1024\" \/>\n\t<meta property=\"og:image:type\" content=\"image\/webp\" \/>\n<meta name=\"author\" content=\"admin\" \/>\n<meta name=\"twitter:card\" content=\"summary_large_image\" \/>\n<meta name=\"twitter:label1\" content=\"Escrito por\" \/>\n\t<meta name=\"twitter:data1\" content=\"admin\" \/>\n\t<meta name=\"twitter:label2\" content=\"Tiempo de lectura\" \/>\n\t<meta name=\"twitter:data2\" content=\"15 minutos\" \/>\n<script type=\"application\/ld+json\" class=\"yoast-schema-graph\">{\"@context\":\"https:\\\/\\\/schema.org\",\"@graph\":[{\"@type\":\"Article\",\"@id\":\"https:\\\/\\\/cortapelosyplanchas.com\\\/blog\\\/5-peinados-elegantes-para-las-comidas-de-empresa-esta-navidad-2024\\\/#article\",\"isPartOf\":{\"@id\":\"https:\\\/\\\/cortapelosyplanchas.com\\\/blog\\\/5-peinados-elegantes-para-las-comidas-de-empresa-esta-navidad-2024\\\/\"},\"author\":{\"name\":\"admin\",\"@id\":\"https:\\\/\\\/cortapelosyplanchas.com\\\/blog\\\/#\\\/schema\\\/person\\\/8d598e779c1fdcfef4c6b9af1a977f5d\"},\"headline\":\"5 Peinados Elegantes para las Comidas de Empresa esta Navidad 2024\",\"datePublished\":\"2024-12-08T10:41:39+00:00\",\"dateModified\":\"2024-12-18T10:24:08+00:00\",\"mainEntityOfPage\":{\"@id\":\"https:\\\/\\\/cortapelosyplanchas.com\\\/blog\\\/5-peinados-elegantes-para-las-comidas-de-empresa-esta-navidad-2024\\\/\"},\"wordCount\":2667,\"image\":{\"@id\":\"https:\\\/\\\/cortapelosyplanchas.com\\\/blog\\\/5-peinados-elegantes-para-las-comidas-de-empresa-esta-navidad-2024\\\/#primaryimage\"},\"thumbnailUrl\":\"https:\\\/\\\/cortapelosyplanchas.com\\\/blog\\\/wp-content\\\/uploads\\\/2024\\\/12\\\/5-Peinados-Elegantes-para-las-Comidas-de-Empresa-esta-Navidad-2024-1.webp\",\"keywords\":[\"alisado perfecto\",\"cabello liso perfecto\",\"cabello pulido\",\"coleta alta pulida\",\"comidas de empresa peinados\",\"estilos de cabello festivos\",\"ideas de peinados\",\"looks Navidad 2024\",\"looks para comidas de empresa\",\"mo\u00f1o bajo desenfadado\",\"ondas glamorosas\",\"ondas suaves\",\"peinados elegantes\",\"peinados Navidad 2024\",\"peinados para mujeres Navidad\",\"peinados r\u00e1pidos Navidad\",\"peinados sofisticados\",\"recogidos elegantes\",\"tendencias peinados 2024\"],\"articleSection\":[\"Modas y Tendencias de Peluquer\u00eda\",\"Peinados\",\"Productos de peluquer\u00eda\"],\"inLanguage\":\"es\"},{\"@type\":\"WebPage\",\"@id\":\"https:\\\/\\\/cortapelosyplanchas.com\\\/blog\\\/5-peinados-elegantes-para-las-comidas-de-empresa-esta-navidad-2024\\\/\",\"url\":\"https:\\\/\\\/cortapelosyplanchas.com\\\/blog\\\/5-peinados-elegantes-para-las-comidas-de-empresa-esta-navidad-2024\\\/\",\"name\":\"5 Peinados Elegantes para las comidas de Empresa Navidad 2024\",\"isPartOf\":{\"@id\":\"https:\\\/\\\/cortapelosyplanchas.com\\\/blog\\\/#website\"},\"primaryImageOfPage\":{\"@id\":\"https:\\\/\\\/cortapelosyplanchas.com\\\/blog\\\/5-peinados-elegantes-para-las-comidas-de-empresa-esta-navidad-2024\\\/#primaryimage\"},\"image\":{\"@id\":\"https:\\\/\\\/cortapelosyplanchas.com\\\/blog\\\/5-peinados-elegantes-para-las-comidas-de-empresa-esta-navidad-2024\\\/#primaryimage\"},\"thumbnailUrl\":\"https:\\\/\\\/cortapelosyplanchas.com\\\/blog\\\/wp-content\\\/uploads\\\/2024\\\/12\\\/5-Peinados-Elegantes-para-las-Comidas-de-Empresa-esta-Navidad-2024-1.webp\",\"datePublished\":\"2024-12-08T10:41:39+00:00\",\"dateModified\":\"2024-12-18T10:24:08+00:00\",\"author\":{\"@id\":\"https:\\\/\\\/cortapelosyplanchas.com\\\/blog\\\/#\\\/schema\\\/person\\\/8d598e779c1fdcfef4c6b9af1a977f5d\"},\"description\":\"Descubre los peinados m\u00e1s elegantes para las comidas de empresa en Navidad 2024. Aprende c\u00f3mo hacerlos paso a paso, desde alisados perfectos hasta ondas suaves y mo\u00f1os desenfadados. \u00a1Luce espectacular estas fiestas!\",\"breadcrumb\":{\"@id\":\"https:\\\/\\\/cortapelosyplanchas.com\\\/blog\\\/5-peinados-elegantes-para-las-comidas-de-empresa-esta-navidad-2024\\\/#breadcrumb\"},\"inLanguage\":\"es\",\"potentialAction\":[{\"@type\":\"ReadAction\",\"target\":[\"https:\\\/\\\/cortapelosyplanchas.com\\\/blog\\\/5-peinados-elegantes-para-las-comidas-de-empresa-esta-navidad-2024\\\/\"]}]},{\"@type\":\"ImageObject\",\"inLanguage\":\"es\",\"@id\":\"https:\\\/\\\/cortapelosyplanchas.com\\\/blog\\\/5-peinados-elegantes-para-las-comidas-de-empresa-esta-navidad-2024\\\/#primaryimage\",\"url\":\"https:\\\/\\\/cortapelosyplanchas.com\\\/blog\\\/wp-content\\\/uploads\\\/2024\\\/12\\\/5-Peinados-Elegantes-para-las-Comidas-de-Empresa-esta-Navidad-2024-1.webp\",\"contentUrl\":\"https:\\\/\\\/cortapelosyplanchas.com\\\/blog\\\/wp-content\\\/uploads\\\/2024\\\/12\\\/5-Peinados-Elegantes-para-las-Comidas-de-Empresa-esta-Navidad-2024-1.webp\",\"width\":1024,\"height\":1024},{\"@type\":\"BreadcrumbList\",\"@id\":\"https:\\\/\\\/cortapelosyplanchas.com\\\/blog\\\/5-peinados-elegantes-para-las-comidas-de-empresa-esta-navidad-2024\\\/#breadcrumb\",\"itemListElement\":[{\"@type\":\"ListItem\",\"position\":1,\"name\":\"Portada\",\"item\":\"https:\\\/\\\/cortapelosyplanchas.com\\\/blog\\\/\"},{\"@type\":\"ListItem\",\"position\":2,\"name\":\"Modas y Tendencias de Peluquer\u00eda\",\"item\":\"https:\\\/\\\/cortapelosyplanchas.com\\\/blog\\\/category\\\/modas-y-tendencias-de-peluqueria\\\/\"},{\"@type\":\"ListItem\",\"position\":3,\"name\":\"5 Peinados Elegantes para las Comidas de Empresa esta Navidad 2024\"}]},{\"@type\":\"WebSite\",\"@id\":\"https:\\\/\\\/cortapelosyplanchas.com\\\/blog\\\/#website\",\"url\":\"https:\\\/\\\/cortapelosyplanchas.com\\\/blog\\\/\",\"name\":\"Cortapelos y Planchas\",\"description\":\"Tienda online de productos profesionales para la barber\u00eda y peluquer\u00eda\",\"potentialAction\":[{\"@type\":\"SearchAction\",\"target\":{\"@type\":\"EntryPoint\",\"urlTemplate\":\"https:\\\/\\\/cortapelosyplanchas.com\\\/blog\\\/?s={search_term_string}\"},\"query-input\":{\"@type\":\"PropertyValueSpecification\",\"valueRequired\":true,\"valueName\":\"search_term_string\"}}],\"inLanguage\":\"es\"},{\"@type\":\"Person\",\"@id\":\"https:\\\/\\\/cortapelosyplanchas.com\\\/blog\\\/#\\\/schema\\\/person\\\/8d598e779c1fdcfef4c6b9af1a977f5d\",\"name\":\"admin\",\"image\":{\"@type\":\"ImageObject\",\"inLanguage\":\"es\",\"@id\":\"https:\\\/\\\/secure.gravatar.com\\\/avatar\\\/40514707bfd39d3804d4b44915d7ed2ec67df255ac2ef5884b698885f0278493?s=96&d=mm&r=g\",\"url\":\"https:\\\/\\\/secure.gravatar.com\\\/avatar\\\/40514707bfd39d3804d4b44915d7ed2ec67df255ac2ef5884b698885f0278493?s=96&d=mm&r=g\",\"contentUrl\":\"https:\\\/\\\/secure.gravatar.com\\\/avatar\\\/40514707bfd39d3804d4b44915d7ed2ec67df255ac2ef5884b698885f0278493?s=96&d=mm&r=g\",\"caption\":\"admin\"},\"url\":\"https:\\\/\\\/cortapelosyplanchas.com\\\/blog\\\/author\\\/admin\\\/\"}]}<\/script>\n<!-- \/ Yoast SEO plugin. -->","yoast_head_json":{"title":"5 Peinados Elegantes para las comidas de Empresa Navidad 2024","description":"Descubre los peinados m\u00e1s elegantes para las comidas de empresa en Navidad 2024. Aprende c\u00f3mo hacerlos paso a paso, desde alisados perfectos hasta ondas suaves y mo\u00f1os desenfadados. \u00a1Luce espectacular estas fiestas!","robots":{"index":"index","follow":"follow","max-snippet":"max-snippet:-1","max-image-preview":"max-image-preview:large","max-video-preview":"max-video-preview:-1"},"canonical":"https:\/\/cortapelosyplanchas.com\/blog\/5-peinados-elegantes-para-las-comidas-de-empresa-esta-navidad-2024\/","og_locale":"es_ES","og_type":"article","og_title":"5 Peinados Elegantes para las comidas de Empresa Navidad 2024","og_description":"Descubre los peinados m\u00e1s elegantes para las comidas de empresa en Navidad 2024. Aprende c\u00f3mo hacerlos paso a paso, desde alisados perfectos hasta ondas suaves y mo\u00f1os desenfadados. \u00a1Luce espectacular estas fiestas!","og_url":"https:\/\/cortapelosyplanchas.com\/blog\/5-peinados-elegantes-para-las-comidas-de-empresa-esta-navidad-2024\/","og_site_name":"Cortapelos y Planchas","article_published_time":"2024-12-08T10:41:39+00:00","article_modified_time":"2024-12-18T10:24:08+00:00","og_image":[{"width":1024,"height":1024,"url":"https:\/\/cortapelosyplanchas.com\/blog\/wp-content\/uploads\/2024\/12\/5-Peinados-Elegantes-para-las-Comidas-de-Empresa-esta-Navidad-2024-1.webp","type":"image\/webp"}],"author":"admin","twitter_card":"summary_large_image","twitter_misc":{"Escrito por":"admin","Tiempo de lectura":"15 minutos"},"schema":{"@context":"https:\/\/schema.org","@graph":[{"@type":"Article","@id":"https:\/\/cortapelosyplanchas.com\/blog\/5-peinados-elegantes-para-las-comidas-de-empresa-esta-navidad-2024\/#article","isPartOf":{"@id":"https:\/\/cortapelosyplanchas.com\/blog\/5-peinados-elegantes-para-las-comidas-de-empresa-esta-navidad-2024\/"},"author":{"name":"admin","@id":"https:\/\/cortapelosyplanchas.com\/blog\/#\/schema\/person\/8d598e779c1fdcfef4c6b9af1a977f5d"},"headline":"5 Peinados Elegantes para las Comidas de Empresa esta Navidad 2024","datePublished":"2024-12-08T10:41:39+00:00","dateModified":"2024-12-18T10:24:08+00:00","mainEntityOfPage":{"@id":"https:\/\/cortapelosyplanchas.com\/blog\/5-peinados-elegantes-para-las-comidas-de-empresa-esta-navidad-2024\/"},"wordCount":2667,"image":{"@id":"https:\/\/cortapelosyplanchas.com\/blog\/5-peinados-elegantes-para-las-comidas-de-empresa-esta-navidad-2024\/#primaryimage"},"thumbnailUrl":"https:\/\/cortapelosyplanchas.com\/blog\/wp-content\/uploads\/2024\/12\/5-Peinados-Elegantes-para-las-Comidas-de-Empresa-esta-Navidad-2024-1.webp","keywords":["alisado perfecto","cabello liso perfecto","cabello pulido","coleta alta pulida","comidas de empresa peinados","estilos de cabello festivos","ideas de peinados","looks Navidad 2024","looks para comidas de empresa","mo\u00f1o bajo desenfadado","ondas glamorosas","ondas suaves","peinados elegantes","peinados Navidad 2024","peinados para mujeres Navidad","peinados r\u00e1pidos Navidad","peinados sofisticados","recogidos elegantes","tendencias peinados 2024"],"articleSection":["Modas y Tendencias de Peluquer\u00eda","Peinados","Productos de peluquer\u00eda"],"inLanguage":"es"},{"@type":"WebPage","@id":"https:\/\/cortapelosyplanchas.com\/blog\/5-peinados-elegantes-para-las-comidas-de-empresa-esta-navidad-2024\/","url":"https:\/\/cortapelosyplanchas.com\/blog\/5-peinados-elegantes-para-las-comidas-de-empresa-esta-navidad-2024\/","name":"5 Peinados Elegantes para las comidas de Empresa Navidad 2024","isPartOf":{"@id":"https:\/\/cortapelosyplanchas.com\/blog\/#website"},"primaryImageOfPage":{"@id":"https:\/\/cortapelosyplanchas.com\/blog\/5-peinados-elegantes-para-las-comidas-de-empresa-esta-navidad-2024\/#primaryimage"},"image":{"@id":"https:\/\/cortapelosyplanchas.com\/blog\/5-peinados-elegantes-para-las-comidas-de-empresa-esta-navidad-2024\/#primaryimage"},"thumbnailUrl":"https:\/\/cortapelosyplanchas.com\/blog\/wp-content\/uploads\/2024\/12\/5-Peinados-Elegantes-para-las-Comidas-de-Empresa-esta-Navidad-2024-1.webp","datePublished":"2024-12-08T10:41:39+00:00","dateModified":"2024-12-18T10:24:08+00:00","author":{"@id":"https:\/\/cortapelosyplanchas.com\/blog\/#\/schema\/person\/8d598e779c1fdcfef4c6b9af1a977f5d"},"description":"Descubre los peinados m\u00e1s elegantes para las comidas de empresa en Navidad 2024. Aprende c\u00f3mo hacerlos paso a paso, desde alisados perfectos hasta ondas suaves y mo\u00f1os desenfadados. \u00a1Luce espectacular estas fiestas!","breadcrumb":{"@id":"https:\/\/cortapelosyplanchas.com\/blog\/5-peinados-elegantes-para-las-comidas-de-empresa-esta-navidad-2024\/#breadcrumb"},"inLanguage":"es","potentialAction":[{"@type":"ReadAction","target":["https:\/\/cortapelosyplanchas.com\/blog\/5-peinados-elegantes-para-las-comidas-de-empresa-esta-navidad-2024\/"]}]},{"@type":"ImageObject","inLanguage":"es","@id":"https:\/\/cortapelosyplanchas.com\/blog\/5-peinados-elegantes-para-las-comidas-de-empresa-esta-navidad-2024\/#primaryimage","url":"https:\/\/cortapelosyplanchas.com\/blog\/wp-content\/uploads\/2024\/12\/5-Peinados-Elegantes-para-las-Comidas-de-Empresa-esta-Navidad-2024-1.webp","contentUrl":"https:\/\/cortapelosyplanchas.com\/blog\/wp-content\/uploads\/2024\/12\/5-Peinados-Elegantes-para-las-Comidas-de-Empresa-esta-Navidad-2024-1.webp","width":1024,"height":1024},{"@type":"BreadcrumbList","@id":"https:\/\/cortapelosyplanchas.com\/blog\/5-peinados-elegantes-para-las-comidas-de-empresa-esta-navidad-2024\/#breadcrumb","itemListElement":[{"@type":"ListItem","position":1,"name":"Portada","item":"https:\/\/cortapelosyplanchas.com\/blog\/"},{"@type":"ListItem","position":2,"name":"Modas y Tendencias de Peluquer\u00eda","item":"https:\/\/cortapelosyplanchas.com\/blog\/category\/modas-y-tendencias-de-peluqueria\/"},{"@type":"ListItem","position":3,"name":"5 Peinados Elegantes para las Comidas de Empresa esta Navidad 2024"}]},{"@type":"WebSite","@id":"https:\/\/cortapelosyplanchas.com\/blog\/#website","url":"https:\/\/cortapelosyplanchas.com\/blog\/","name":"Cortapelos y Planchas","description":"Tienda online de productos profesionales para la barber\u00eda y peluquer\u00eda","potentialAction":[{"@type":"SearchAction","target":{"@type":"EntryPoint","urlTemplate":"https:\/\/cortapelosyplanchas.com\/blog\/?s={search_term_string}"},"query-input":{"@type":"PropertyValueSpecification","valueRequired":true,"valueName":"search_term_string"}}],"inLanguage":"es"},{"@type":"Person","@id":"https:\/\/cortapelosyplanchas.com\/blog\/#\/schema\/person\/8d598e779c1fdcfef4c6b9af1a977f5d","name":"admin","image":{"@type":"ImageObject","inLanguage":"es","@id":"https:\/\/secure.gravatar.com\/avatar\/40514707bfd39d3804d4b44915d7ed2ec67df255ac2ef5884b698885f0278493?s=96&d=mm&r=g","url":"https:\/\/secure.gravatar.com\/avatar\/40514707bfd39d3804d4b44915d7ed2ec67df255ac2ef5884b698885f0278493?s=96&d=mm&r=g","contentUrl":"https:\/\/secure.gravatar.com\/avatar\/40514707bfd39d3804d4b44915d7ed2ec67df255ac2ef5884b698885f0278493?s=96&d=mm&r=g","caption":"admin"},"url":"https:\/\/cortapelosyplanchas.com\/blog\/author\/admin\/"}]}},"_links":{"self":[{"href":"https:\/\/cortapelosyplanchas.com\/blog\/wp-json\/wp\/v2\/posts\/2878","targetHints":{"allow":["GET"]}}],"collection":[{"href":"https:\/\/cortapelosyplanchas.com\/blog\/wp-json\/wp\/v2\/posts"}],"about":[{"href":"https:\/\/cortapelosyplanchas.com\/blog\/wp-json\/wp\/v2\/types\/post"}],"author":[{"embeddable":true,"href":"https:\/\/cortapelosyplanchas.com\/blog\/wp-json\/wp\/v2\/users\/1"}],"replies":[{"embeddable":true,"href":"https:\/\/cortapelosyplanchas.com\/blog\/wp-json\/wp\/v2\/comments?post=2878"}],"version-history":[{"count":6,"href":"https:\/\/cortapelosyplanchas.com\/blog\/wp-json\/wp\/v2\/posts\/2878\/revisions"}],"predecessor-version":[{"id":2893,"href":"https:\/\/cortapelosyplanchas.com\/blog\/wp-json\/wp\/v2\/posts\/2878\/revisions\/2893"}],"wp:featuredmedia":[{"embeddable":true,"href":"https:\/\/cortapelosyplanchas.com\/blog\/wp-json\/wp\/v2\/media\/2894"}],"wp:attachment":[{"href":"https:\/\/cortapelosyplanchas.com\/blog\/wp-json\/wp\/v2\/media?parent=2878"}],"wp:term":[{"taxonomy":"category","embeddable":true,"href":"https:\/\/cortapelosyplanchas.com\/blog\/wp-json\/wp\/v2\/categories?post=2878"},{"taxonomy":"post_tag","embeddable":true,"href":"https:\/\/cortapelosyplanchas.com\/blog\/wp-json\/wp\/v2\/tags?post=2878"}],"curies":[{"name":"wp","href":"https:\/\/api.w.org\/{rel}","templated":true}]}}