{"id":2187,"date":"2019-04-05T11:38:59","date_gmt":"2019-04-05T09:38:59","guid":{"rendered":"https:\/\/cortapelosyplanchas.com\/blog\/?p=2187"},"modified":"2019-04-05T19:56:44","modified_gmt":"2019-04-05T17:56:44","slug":"maquinia-afeitadora-profesional-electrica-bucanero-barber-line-negra","status":"publish","type":"post","link":"https:\/\/cortapelosyplanchas.com\/blog\/maquinia-afeitadora-profesional-electrica-bucanero-barber-line-negra\/","title":{"rendered":"M\u00e1quinA AFEITADORA PROFESIONAL EL\u00c9CTRICA &#8211; BUCANERO BARBER LINE NEGRA"},"content":{"rendered":"<p>Novedad Barber Line, tras el \u00e9xito rotundo de la <em><strong>M\u00e1quina de afeitar profesional Bucanero<\/strong> <\/em>en color blanco, llega una nueva versi\u00f3n en color negro para los amantes de lo cl\u00e1sico.<\/p>\n<p><!--more--><\/p>\n<p>La nueva <em><strong>afeitadora Bucanero<\/strong><\/em> solo cambia su aspecto exterior manteniendo todas sus cualidades y prestaciones de la rasuradora en blanco.<\/p>\n<p><a href=\"https:\/\/cortapelosyplanchas.com\/blog\/wp-content\/uploads\/2019\/04\/afeitadoras-profesionales-barber-line-bucanero-negro-o-blanco.jpg\"><img loading=\"lazy\" decoding=\"async\" class=\"alignnone size-medium wp-image-2192\" src=\"https:\/\/cortapelosyplanchas.com\/blog\/wp-content\/uploads\/2019\/04\/afeitadoras-profesionales-barber-line-bucanero-negro-o-blanco-300x300.jpg\" alt=\"\" width=\"300\" height=\"300\" srcset=\"https:\/\/cortapelosyplanchas.com\/blog\/wp-content\/uploads\/2019\/04\/afeitadoras-profesionales-barber-line-bucanero-negro-o-blanco-300x300.jpg 300w, https:\/\/cortapelosyplanchas.com\/blog\/wp-content\/uploads\/2019\/04\/afeitadoras-profesionales-barber-line-bucanero-negro-o-blanco-150x150.jpg 150w, https:\/\/cortapelosyplanchas.com\/blog\/wp-content\/uploads\/2019\/04\/afeitadoras-profesionales-barber-line-bucanero-negro-o-blanco-768x768.jpg 768w, https:\/\/cortapelosyplanchas.com\/blog\/wp-content\/uploads\/2019\/04\/afeitadoras-profesionales-barber-line-bucanero-negro-o-blanco.jpg 800w\" sizes=\"auto, (max-width: 300px) 100vw, 300px\" \/><\/a><\/p>\n<p>La nueva carcasa color oscuro incorpora el mismo color gris en el bot\u00f3n de accionamiento y el mismo color en las cuchillas.<\/p>\n<p>Con un precio muy inferior a sus competidores directos y unos resultados similares, la afeitadora Bucanero se ha convertido en todo un top ventas entre los barberos Espa\u00f1oles dando unos resultados espectaculares.<\/p>\n<p>Esta <em><strong>M\u00e1quina rasuradora<\/strong> <\/em>es perfecta para trabajos de afeitado, rasurados y acabados al igual que la competencia m\u00e1s directa la <a title=\"Wahl Finale Shaver 5 star 8061 M\u00e1quina afeitar profesional\" href=\"https:\/\/www.cortapelosyplanchas.com\/wahl-finale-shaver-5-star-8061-maquina-afeitar-profesional.html\">Wahl Finale Shaver 5 star 8061 M\u00e1quina afeitar profesional <\/a>y la <a title=\"Andis Profoil Lithium titanium Shaver Afeitadora profesional\" href=\"https:\/\/www.cortapelosyplanchas.com\/andis-profoil-lithium-titanium-shaver-afeitadora-profesional.html\">Andis Profoil Lithium titanium Shaver Afeitadora profesional.<\/a><\/p>\n<p><a href=\"https:\/\/cortapelosyplanchas.com\/blog\/wp-content\/uploads\/2019\/04\/Afeitadoras-ele\u0301ctricas-wahl-final-y-andis-profoil-opiniones.jpg\"><img loading=\"lazy\" decoding=\"async\" class=\"alignnone size-medium wp-image-2194\" src=\"https:\/\/cortapelosyplanchas.com\/blog\/wp-content\/uploads\/2019\/04\/Afeitadoras-ele\u0301ctricas-wahl-final-y-andis-profoil-opiniones-300x300.jpg\" alt=\"\" width=\"300\" height=\"300\" srcset=\"https:\/\/cortapelosyplanchas.com\/blog\/wp-content\/uploads\/2019\/04\/Afeitadoras-ele\u0301ctricas-wahl-final-y-andis-profoil-opiniones-300x300.jpg 300w, https:\/\/cortapelosyplanchas.com\/blog\/wp-content\/uploads\/2019\/04\/Afeitadoras-ele\u0301ctricas-wahl-final-y-andis-profoil-opiniones-150x150.jpg 150w, https:\/\/cortapelosyplanchas.com\/blog\/wp-content\/uploads\/2019\/04\/Afeitadoras-ele\u0301ctricas-wahl-final-y-andis-profoil-opiniones-768x768.jpg 768w, https:\/\/cortapelosyplanchas.com\/blog\/wp-content\/uploads\/2019\/04\/Afeitadoras-ele\u0301ctricas-wahl-final-y-andis-profoil-opiniones.jpg 800w\" sizes=\"auto, (max-width: 300px) 100vw, 300px\" \/><\/a><\/p>\n<p>Su doble cabezal nos proporciona un afeitado o rasurado perfecto siendo la herramienta ideal para el ultimo \u00abtoque\u00bb su doble l\u00e1mina&nbsp; est\u00e1 dise\u00f1ada para atrapar hasta el ultimo pelo.<\/p>\n<p>\u00bf<em><strong>C\u00f3mo se usa la nueva afeitadora El\u00e9ctrica bucanero<\/strong><\/em>?<\/p>\n<p>En un anterior post indic\u00e1bamos que est\u00e1 m\u00e1quina al igual que la wahl o Andis necesita trabajar con un largo de cabello muy corto para que sus cuchillas trabajen al 100%, es importante pasar antes un 0 con una trimmer, patillera o una cortapelos para facilitar el trabajo a la bucanero.<\/p>\n<p>Todas estas nuevas afeitadoras necesitan&nbsp; realizar las pasadas basculantes con la m\u00e1quina boca abajo, debemos colocar la m\u00e1quina con el bot\u00f3n de accionamiento y mirando hacia la cara o cabeza del cliente.<\/p>\n<p>Para trabajos de precisi\u00f3n si debemos darle la vuelta a la rasuradora teniendo la cuhilla superior arriba.<\/p>\n<p>Debemos realizar pasadas de abajo hacia arriba con movimientos ascendentes continuados siempre saliendo hacia afuera y muy importante no apretar.<\/p>\n<p>\u00bfPara que sirve esta maquinilla el\u00e9ctrica?<\/p>\n<p>Nos permite apurados al m\u00e1ximo que ninguna otra afeitadora nos va a dar.<\/p>\n<p>Tras pasar una m\u00e1quina cortapelos al 0 es ideal para conseguir un apurado extremo en la cabeza, es la mejor afeitadora de cabeza gracias a la forma de sus cabezales.<\/p>\n<p>Apurados para la barba, cuello, o degradados fade.<\/p>\n<p><span lang=\"es\">Caracterist\u00edcas <em><strong>Barber Line Bucanero&nbsp; Negra :<\/strong><\/em><\/span><\/p>\n<p><span lang=\"es\">&#8211; Voltaje 100-220v<\/span><\/p>\n<p><span lang=\"es\">&#8211; Frecuencia 50\/60Hz<\/span><\/p>\n<p><span lang=\"es\">&#8211; 3w potencia<\/span><\/p>\n<p><span lang=\"es\">&#8211; Motor de 6800 rpm<\/span><\/p>\n<p><span lang=\"es\">&#8211; Tiempo de carga 2 horas<\/span><\/p>\n<p><span lang=\"es\">&#8211; Tiempo funcionamiento m\u00e1s de 90 minutos<\/span><\/p>\n<p><span lang=\"es\">&#8211; Bater\u00eda litio ultima generaci\u00f3n<\/span><\/p>\n<p><span lang=\"es\">&#8211; Con corte patilla<br \/>\n<\/span><\/p>\n<p><span lang=\"es\">&#8211; Doble cabezal<em><strong><br \/>\n<\/strong><\/em><\/span><\/p>\n<p><span lang=\"es\">&#8211; Uso profesional para barber\u00eda o peluquer\u00eda <\/span><\/p>\n<p><span lang=\"es\">&#8211; Barba, cuello, cabeza, perfilar o retocar barbas y patillas<\/span><\/p>\n<p><span lang=\"es\">&#8211; Rapado de cabeza<strong><br \/>\n<\/strong><\/span><\/p>\n<p><span lang=\"es\">&#8211; Funcionamiento a cable o inal\u00e1mbrica <\/span><\/p>\n<p><span lang=\"es\">&#8211; Bater\u00eda recargable<br \/>\n<\/span><\/p>\n<p><span lang=\"es\">&#8211; Cuchillas con doble l\u00e1mina<br \/>\n<\/span><\/p>\n<p><span lang=\"es\">&#8211; M\u00e1ximo apurado sin molestias en la piel<\/span><\/p>\n<p><span lang=\"es\">&#8211; Dise\u00f1o retro<\/span><\/p>\n<p><span lang=\"es\">&#8211; Caracasa resistente<\/span><\/p>\n<p><span lang=\"es\">&#8211; F\u00e1cil limpieza del cabezal<\/span><\/p>\n<p>Si desea comprar la bucanero al mejor precio pinche aqu\u00ed:<\/p>\n<h2 class=\"product-name\"><a title=\"Barber Line Bucanero Negra Shaver Maquinilla Afeitado profesional\" href=\"https:\/\/www.cortapelosyplanchas.com\/barber-line-bucanero-negra-shaver-maquinilla-afeitado-profesional.html\">Barber Line Bucanero Negra Shaver Maquinilla Afeitado profesional<\/a><\/h2>\n","protected":false},"excerpt":{"rendered":"<p>Novedad Barber Line, tras el \u00e9xito rotundo de la M\u00e1quina de afeitar profesional Bucanero en color blanco, llega una nueva versi\u00f3n en color negro para los amantes de lo cl\u00e1sico.<\/p>\n","protected":false},"author":1,"featured_media":2190,"comment_status":"closed","ping_status":"closed","sticky":false,"template":"","format":"standard","meta":{"footnotes":""},"categories":[333,1,1515,409],"tags":[833,1343,1523,1518,1516,1522,1519,462,1341,1520,1521,463,1517,620],"class_list":["post-2187","post","type-post","status-publish","format-standard","has-post-thumbnail","hentry","category-barberia-y-peluqueria-masculina","category-uncategorized","category-maquinas-de-afeitar","category-novedades","tag-afeitadora","tag-afeitadora-cabeza","tag-afeitadora-para-cabeza","tag-bucanero","tag-maquina-afeitar","tag-maquina-afeitar-barba","tag-maquina-bucanero","tag-maquina-de-afeitar","tag-maquina-rapar-cabeza","tag-maquina-rasuradora","tag-maquinas-de-barberia","tag-maquinilla-de-afeitar","tag-maquinillas-de-afeitar-barber-line-bucanero","tag-rasuradora"],"yoast_head":"<!-- This site is optimized with the Yoast SEO plugin v27.4 - https:\/\/yoast.com\/product\/yoast-seo-wordpress\/ -->\n<title>M\u00e1quinA AFEITADORA PROFESIONAL EL\u00c9CTRICA - BUCANERO BARBER LINE NEGRA - Cortapelos y Planchas<\/title>\n<meta name=\"robots\" content=\"index, follow, max-snippet:-1, max-image-preview:large, max-video-preview:-1\" \/>\n<link rel=\"canonical\" href=\"https:\/\/cortapelosyplanchas.com\/blog\/maquinia-afeitadora-profesional-electrica-bucanero-barber-line-negra\/\" \/>\n<meta property=\"og:locale\" content=\"es_ES\" \/>\n<meta property=\"og:type\" content=\"article\" \/>\n<meta property=\"og:title\" content=\"M\u00e1quinA AFEITADORA PROFESIONAL EL\u00c9CTRICA - BUCANERO BARBER LINE NEGRA - Cortapelos y Planchas\" \/>\n<meta property=\"og:description\" content=\"Novedad Barber Line, tras el \u00e9xito rotundo de la M\u00e1quina de afeitar profesional Bucanero en color blanco, llega una nueva versi\u00f3n en color negro para los amantes de lo cl\u00e1sico.\" \/>\n<meta property=\"og:url\" content=\"https:\/\/cortapelosyplanchas.com\/blog\/maquinia-afeitadora-profesional-electrica-bucanero-barber-line-negra\/\" \/>\n<meta property=\"og:site_name\" content=\"Cortapelos y Planchas\" \/>\n<meta property=\"article:published_time\" content=\"2019-04-05T09:38:59+00:00\" \/>\n<meta property=\"article:modified_time\" content=\"2019-04-05T17:56:44+00:00\" \/>\n<meta property=\"og:image\" content=\"https:\/\/cortapelosyplanchas.com\/blog\/wp-content\/uploads\/2019\/04\/Barber-Line-Bucanero-Negra-Shaver-Maquinilla-Afeitado-profesional.jpg\" \/>\n\t<meta property=\"og:image:width\" content=\"800\" \/>\n\t<meta property=\"og:image:height\" content=\"800\" \/>\n\t<meta property=\"og:image:type\" content=\"image\/jpeg\" \/>\n<meta name=\"author\" content=\"admin\" \/>\n<meta name=\"twitter:card\" content=\"summary_large_image\" \/>\n<meta name=\"twitter:label1\" content=\"Escrito por\" \/>\n\t<meta name=\"twitter:data1\" content=\"admin\" \/>\n\t<meta name=\"twitter:label2\" content=\"Tiempo de lectura\" \/>\n\t<meta name=\"twitter:data2\" content=\"3 minutos\" \/>\n<script type=\"application\/ld+json\" class=\"yoast-schema-graph\">{\"@context\":\"https:\\\/\\\/schema.org\",\"@graph\":[{\"@type\":\"Article\",\"@id\":\"https:\\\/\\\/cortapelosyplanchas.com\\\/blog\\\/maquinia-afeitadora-profesional-electrica-bucanero-barber-line-negra\\\/#article\",\"isPartOf\":{\"@id\":\"https:\\\/\\\/cortapelosyplanchas.com\\\/blog\\\/maquinia-afeitadora-profesional-electrica-bucanero-barber-line-negra\\\/\"},\"author\":{\"name\":\"admin\",\"@id\":\"https:\\\/\\\/cortapelosyplanchas.com\\\/blog\\\/#\\\/schema\\\/person\\\/8d598e779c1fdcfef4c6b9af1a977f5d\"},\"headline\":\"M\u00e1quinA AFEITADORA PROFESIONAL EL\u00c9CTRICA &#8211; BUCANERO BARBER LINE NEGRA\",\"datePublished\":\"2019-04-05T09:38:59+00:00\",\"dateModified\":\"2019-04-05T17:56:44+00:00\",\"mainEntityOfPage\":{\"@id\":\"https:\\\/\\\/cortapelosyplanchas.com\\\/blog\\\/maquinia-afeitadora-profesional-electrica-bucanero-barber-line-negra\\\/\"},\"wordCount\":512,\"image\":{\"@id\":\"https:\\\/\\\/cortapelosyplanchas.com\\\/blog\\\/maquinia-afeitadora-profesional-electrica-bucanero-barber-line-negra\\\/#primaryimage\"},\"thumbnailUrl\":\"https:\\\/\\\/cortapelosyplanchas.com\\\/blog\\\/wp-content\\\/uploads\\\/2019\\\/04\\\/Barber-Line-Bucanero-Negra-Shaver-Maquinilla-Afeitado-profesional.jpg\",\"keywords\":[\"afeitadora\",\"afeitadora cabeza\",\"afeitadora para cabeza\",\"bucanero\",\"maquina afeitar\",\"maquina afeitar barba\",\"m\u00e1quina bucanero\",\"maquina de afeitar\",\"maquina rapar cabeza\",\"maquina rasuradora\",\"maquinas de barberia\",\"maquinilla de afeitar\",\"maquinillas de afeitar barber line bucanero\",\"rasuradora\"],\"articleSection\":[\"Barber\u00eda y peluquer\u00eda masculina\",\"General\",\"M\u00e1quinas de afeitar\",\"Novedades\"],\"inLanguage\":\"es\"},{\"@type\":\"WebPage\",\"@id\":\"https:\\\/\\\/cortapelosyplanchas.com\\\/blog\\\/maquinia-afeitadora-profesional-electrica-bucanero-barber-line-negra\\\/\",\"url\":\"https:\\\/\\\/cortapelosyplanchas.com\\\/blog\\\/maquinia-afeitadora-profesional-electrica-bucanero-barber-line-negra\\\/\",\"name\":\"M\u00e1quinA AFEITADORA PROFESIONAL EL\u00c9CTRICA - BUCANERO BARBER LINE NEGRA - Cortapelos y Planchas\",\"isPartOf\":{\"@id\":\"https:\\\/\\\/cortapelosyplanchas.com\\\/blog\\\/#website\"},\"primaryImageOfPage\":{\"@id\":\"https:\\\/\\\/cortapelosyplanchas.com\\\/blog\\\/maquinia-afeitadora-profesional-electrica-bucanero-barber-line-negra\\\/#primaryimage\"},\"image\":{\"@id\":\"https:\\\/\\\/cortapelosyplanchas.com\\\/blog\\\/maquinia-afeitadora-profesional-electrica-bucanero-barber-line-negra\\\/#primaryimage\"},\"thumbnailUrl\":\"https:\\\/\\\/cortapelosyplanchas.com\\\/blog\\\/wp-content\\\/uploads\\\/2019\\\/04\\\/Barber-Line-Bucanero-Negra-Shaver-Maquinilla-Afeitado-profesional.jpg\",\"datePublished\":\"2019-04-05T09:38:59+00:00\",\"dateModified\":\"2019-04-05T17:56:44+00:00\",\"author\":{\"@id\":\"https:\\\/\\\/cortapelosyplanchas.com\\\/blog\\\/#\\\/schema\\\/person\\\/8d598e779c1fdcfef4c6b9af1a977f5d\"},\"breadcrumb\":{\"@id\":\"https:\\\/\\\/cortapelosyplanchas.com\\\/blog\\\/maquinia-afeitadora-profesional-electrica-bucanero-barber-line-negra\\\/#breadcrumb\"},\"inLanguage\":\"es\",\"potentialAction\":[{\"@type\":\"ReadAction\",\"target\":[\"https:\\\/\\\/cortapelosyplanchas.com\\\/blog\\\/maquinia-afeitadora-profesional-electrica-bucanero-barber-line-negra\\\/\"]}]},{\"@type\":\"ImageObject\",\"inLanguage\":\"es\",\"@id\":\"https:\\\/\\\/cortapelosyplanchas.com\\\/blog\\\/maquinia-afeitadora-profesional-electrica-bucanero-barber-line-negra\\\/#primaryimage\",\"url\":\"https:\\\/\\\/cortapelosyplanchas.com\\\/blog\\\/wp-content\\\/uploads\\\/2019\\\/04\\\/Barber-Line-Bucanero-Negra-Shaver-Maquinilla-Afeitado-profesional.jpg\",\"contentUrl\":\"https:\\\/\\\/cortapelosyplanchas.com\\\/blog\\\/wp-content\\\/uploads\\\/2019\\\/04\\\/Barber-Line-Bucanero-Negra-Shaver-Maquinilla-Afeitado-profesional.jpg\",\"width\":800,\"height\":800},{\"@type\":\"BreadcrumbList\",\"@id\":\"https:\\\/\\\/cortapelosyplanchas.com\\\/blog\\\/maquinia-afeitadora-profesional-electrica-bucanero-barber-line-negra\\\/#breadcrumb\",\"itemListElement\":[{\"@type\":\"ListItem\",\"position\":1,\"name\":\"Portada\",\"item\":\"https:\\\/\\\/cortapelosyplanchas.com\\\/blog\\\/\"},{\"@type\":\"ListItem\",\"position\":2,\"name\":\"Barber\u00eda y peluquer\u00eda masculina\",\"item\":\"https:\\\/\\\/cortapelosyplanchas.com\\\/blog\\\/category\\\/barberia-y-peluqueria-masculina\\\/\"},{\"@type\":\"ListItem\",\"position\":3,\"name\":\"M\u00e1quinas de afeitar\",\"item\":\"https:\\\/\\\/cortapelosyplanchas.com\\\/blog\\\/category\\\/barberia-y-peluqueria-masculina\\\/maquinas-de-afeitar\\\/\"},{\"@type\":\"ListItem\",\"position\":4,\"name\":\"M\u00e1quinA AFEITADORA PROFESIONAL EL\u00c9CTRICA &#8211; BUCANERO BARBER LINE NEGRA\"}]},{\"@type\":\"WebSite\",\"@id\":\"https:\\\/\\\/cortapelosyplanchas.com\\\/blog\\\/#website\",\"url\":\"https:\\\/\\\/cortapelosyplanchas.com\\\/blog\\\/\",\"name\":\"Cortapelos y Planchas\",\"description\":\"Tienda online de productos profesionales para la barber\u00eda y peluquer\u00eda\",\"potentialAction\":[{\"@type\":\"SearchAction\",\"target\":{\"@type\":\"EntryPoint\",\"urlTemplate\":\"https:\\\/\\\/cortapelosyplanchas.com\\\/blog\\\/?s={search_term_string}\"},\"query-input\":{\"@type\":\"PropertyValueSpecification\",\"valueRequired\":true,\"valueName\":\"search_term_string\"}}],\"inLanguage\":\"es\"},{\"@type\":\"Person\",\"@id\":\"https:\\\/\\\/cortapelosyplanchas.com\\\/blog\\\/#\\\/schema\\\/person\\\/8d598e779c1fdcfef4c6b9af1a977f5d\",\"name\":\"admin\",\"image\":{\"@type\":\"ImageObject\",\"inLanguage\":\"es\",\"@id\":\"https:\\\/\\\/secure.gravatar.com\\\/avatar\\\/40514707bfd39d3804d4b44915d7ed2ec67df255ac2ef5884b698885f0278493?s=96&d=mm&r=g\",\"url\":\"https:\\\/\\\/secure.gravatar.com\\\/avatar\\\/40514707bfd39d3804d4b44915d7ed2ec67df255ac2ef5884b698885f0278493?s=96&d=mm&r=g\",\"contentUrl\":\"https:\\\/\\\/secure.gravatar.com\\\/avatar\\\/40514707bfd39d3804d4b44915d7ed2ec67df255ac2ef5884b698885f0278493?s=96&d=mm&r=g\",\"caption\":\"admin\"},\"url\":\"https:\\\/\\\/cortapelosyplanchas.com\\\/blog\\\/author\\\/admin\\\/\"}]}<\/script>\n<!-- \/ Yoast SEO plugin. -->","yoast_head_json":{"title":"M\u00e1quinA AFEITADORA PROFESIONAL EL\u00c9CTRICA - BUCANERO BARBER LINE NEGRA - Cortapelos y Planchas","robots":{"index":"index","follow":"follow","max-snippet":"max-snippet:-1","max-image-preview":"max-image-preview:large","max-video-preview":"max-video-preview:-1"},"canonical":"https:\/\/cortapelosyplanchas.com\/blog\/maquinia-afeitadora-profesional-electrica-bucanero-barber-line-negra\/","og_locale":"es_ES","og_type":"article","og_title":"M\u00e1quinA AFEITADORA PROFESIONAL EL\u00c9CTRICA - BUCANERO BARBER LINE NEGRA - Cortapelos y Planchas","og_description":"Novedad Barber Line, tras el \u00e9xito rotundo de la M\u00e1quina de afeitar profesional Bucanero en color blanco, llega una nueva versi\u00f3n en color negro para los amantes de lo cl\u00e1sico.","og_url":"https:\/\/cortapelosyplanchas.com\/blog\/maquinia-afeitadora-profesional-electrica-bucanero-barber-line-negra\/","og_site_name":"Cortapelos y Planchas","article_published_time":"2019-04-05T09:38:59+00:00","article_modified_time":"2019-04-05T17:56:44+00:00","og_image":[{"width":800,"height":800,"url":"https:\/\/cortapelosyplanchas.com\/blog\/wp-content\/uploads\/2019\/04\/Barber-Line-Bucanero-Negra-Shaver-Maquinilla-Afeitado-profesional.jpg","type":"image\/jpeg"}],"author":"admin","twitter_card":"summary_large_image","twitter_misc":{"Escrito por":"admin","Tiempo de lectura":"3 minutos"},"schema":{"@context":"https:\/\/schema.org","@graph":[{"@type":"Article","@id":"https:\/\/cortapelosyplanchas.com\/blog\/maquinia-afeitadora-profesional-electrica-bucanero-barber-line-negra\/#article","isPartOf":{"@id":"https:\/\/cortapelosyplanchas.com\/blog\/maquinia-afeitadora-profesional-electrica-bucanero-barber-line-negra\/"},"author":{"name":"admin","@id":"https:\/\/cortapelosyplanchas.com\/blog\/#\/schema\/person\/8d598e779c1fdcfef4c6b9af1a977f5d"},"headline":"M\u00e1quinA AFEITADORA PROFESIONAL EL\u00c9CTRICA &#8211; BUCANERO BARBER LINE NEGRA","datePublished":"2019-04-05T09:38:59+00:00","dateModified":"2019-04-05T17:56:44+00:00","mainEntityOfPage":{"@id":"https:\/\/cortapelosyplanchas.com\/blog\/maquinia-afeitadora-profesional-electrica-bucanero-barber-line-negra\/"},"wordCount":512,"image":{"@id":"https:\/\/cortapelosyplanchas.com\/blog\/maquinia-afeitadora-profesional-electrica-bucanero-barber-line-negra\/#primaryimage"},"thumbnailUrl":"https:\/\/cortapelosyplanchas.com\/blog\/wp-content\/uploads\/2019\/04\/Barber-Line-Bucanero-Negra-Shaver-Maquinilla-Afeitado-profesional.jpg","keywords":["afeitadora","afeitadora cabeza","afeitadora para cabeza","bucanero","maquina afeitar","maquina afeitar barba","m\u00e1quina bucanero","maquina de afeitar","maquina rapar cabeza","maquina rasuradora","maquinas de barberia","maquinilla de afeitar","maquinillas de afeitar barber line bucanero","rasuradora"],"articleSection":["Barber\u00eda y peluquer\u00eda masculina","General","M\u00e1quinas de afeitar","Novedades"],"inLanguage":"es"},{"@type":"WebPage","@id":"https:\/\/cortapelosyplanchas.com\/blog\/maquinia-afeitadora-profesional-electrica-bucanero-barber-line-negra\/","url":"https:\/\/cortapelosyplanchas.com\/blog\/maquinia-afeitadora-profesional-electrica-bucanero-barber-line-negra\/","name":"M\u00e1quinA AFEITADORA PROFESIONAL EL\u00c9CTRICA - BUCANERO BARBER LINE NEGRA - Cortapelos y Planchas","isPartOf":{"@id":"https:\/\/cortapelosyplanchas.com\/blog\/#website"},"primaryImageOfPage":{"@id":"https:\/\/cortapelosyplanchas.com\/blog\/maquinia-afeitadora-profesional-electrica-bucanero-barber-line-negra\/#primaryimage"},"image":{"@id":"https:\/\/cortapelosyplanchas.com\/blog\/maquinia-afeitadora-profesional-electrica-bucanero-barber-line-negra\/#primaryimage"},"thumbnailUrl":"https:\/\/cortapelosyplanchas.com\/blog\/wp-content\/uploads\/2019\/04\/Barber-Line-Bucanero-Negra-Shaver-Maquinilla-Afeitado-profesional.jpg","datePublished":"2019-04-05T09:38:59+00:00","dateModified":"2019-04-05T17:56:44+00:00","author":{"@id":"https:\/\/cortapelosyplanchas.com\/blog\/#\/schema\/person\/8d598e779c1fdcfef4c6b9af1a977f5d"},"breadcrumb":{"@id":"https:\/\/cortapelosyplanchas.com\/blog\/maquinia-afeitadora-profesional-electrica-bucanero-barber-line-negra\/#breadcrumb"},"inLanguage":"es","potentialAction":[{"@type":"ReadAction","target":["https:\/\/cortapelosyplanchas.com\/blog\/maquinia-afeitadora-profesional-electrica-bucanero-barber-line-negra\/"]}]},{"@type":"ImageObject","inLanguage":"es","@id":"https:\/\/cortapelosyplanchas.com\/blog\/maquinia-afeitadora-profesional-electrica-bucanero-barber-line-negra\/#primaryimage","url":"https:\/\/cortapelosyplanchas.com\/blog\/wp-content\/uploads\/2019\/04\/Barber-Line-Bucanero-Negra-Shaver-Maquinilla-Afeitado-profesional.jpg","contentUrl":"https:\/\/cortapelosyplanchas.com\/blog\/wp-content\/uploads\/2019\/04\/Barber-Line-Bucanero-Negra-Shaver-Maquinilla-Afeitado-profesional.jpg","width":800,"height":800},{"@type":"BreadcrumbList","@id":"https:\/\/cortapelosyplanchas.com\/blog\/maquinia-afeitadora-profesional-electrica-bucanero-barber-line-negra\/#breadcrumb","itemListElement":[{"@type":"ListItem","position":1,"name":"Portada","item":"https:\/\/cortapelosyplanchas.com\/blog\/"},{"@type":"ListItem","position":2,"name":"Barber\u00eda y peluquer\u00eda masculina","item":"https:\/\/cortapelosyplanchas.com\/blog\/category\/barberia-y-peluqueria-masculina\/"},{"@type":"ListItem","position":3,"name":"M\u00e1quinas de afeitar","item":"https:\/\/cortapelosyplanchas.com\/blog\/category\/barberia-y-peluqueria-masculina\/maquinas-de-afeitar\/"},{"@type":"ListItem","position":4,"name":"M\u00e1quinA AFEITADORA PROFESIONAL EL\u00c9CTRICA &#8211; BUCANERO BARBER LINE NEGRA"}]},{"@type":"WebSite","@id":"https:\/\/cortapelosyplanchas.com\/blog\/#website","url":"https:\/\/cortapelosyplanchas.com\/blog\/","name":"Cortapelos y Planchas","description":"Tienda online de productos profesionales para la barber\u00eda y peluquer\u00eda","potentialAction":[{"@type":"SearchAction","target":{"@type":"EntryPoint","urlTemplate":"https:\/\/cortapelosyplanchas.com\/blog\/?s={search_term_string}"},"query-input":{"@type":"PropertyValueSpecification","valueRequired":true,"valueName":"search_term_string"}}],"inLanguage":"es"},{"@type":"Person","@id":"https:\/\/cortapelosyplanchas.com\/blog\/#\/schema\/person\/8d598e779c1fdcfef4c6b9af1a977f5d","name":"admin","image":{"@type":"ImageObject","inLanguage":"es","@id":"https:\/\/secure.gravatar.com\/avatar\/40514707bfd39d3804d4b44915d7ed2ec67df255ac2ef5884b698885f0278493?s=96&d=mm&r=g","url":"https:\/\/secure.gravatar.com\/avatar\/40514707bfd39d3804d4b44915d7ed2ec67df255ac2ef5884b698885f0278493?s=96&d=mm&r=g","contentUrl":"https:\/\/secure.gravatar.com\/avatar\/40514707bfd39d3804d4b44915d7ed2ec67df255ac2ef5884b698885f0278493?s=96&d=mm&r=g","caption":"admin"},"url":"https:\/\/cortapelosyplanchas.com\/blog\/author\/admin\/"}]}},"_links":{"self":[{"href":"https:\/\/cortapelosyplanchas.com\/blog\/wp-json\/wp\/v2\/posts\/2187","targetHints":{"allow":["GET"]}}],"collection":[{"href":"https:\/\/cortapelosyplanchas.com\/blog\/wp-json\/wp\/v2\/posts"}],"about":[{"href":"https:\/\/cortapelosyplanchas.com\/blog\/wp-json\/wp\/v2\/types\/post"}],"author":[{"embeddable":true,"href":"https:\/\/cortapelosyplanchas.com\/blog\/wp-json\/wp\/v2\/users\/1"}],"replies":[{"embeddable":true,"href":"https:\/\/cortapelosyplanchas.com\/blog\/wp-json\/wp\/v2\/comments?post=2187"}],"version-history":[{"count":11,"href":"https:\/\/cortapelosyplanchas.com\/blog\/wp-json\/wp\/v2\/posts\/2187\/revisions"}],"predecessor-version":[{"id":2213,"href":"https:\/\/cortapelosyplanchas.com\/blog\/wp-json\/wp\/v2\/posts\/2187\/revisions\/2213"}],"wp:featuredmedia":[{"embeddable":true,"href":"https:\/\/cortapelosyplanchas.com\/blog\/wp-json\/wp\/v2\/media\/2190"}],"wp:attachment":[{"href":"https:\/\/cortapelosyplanchas.com\/blog\/wp-json\/wp\/v2\/media?parent=2187"}],"wp:term":[{"taxonomy":"category","embeddable":true,"href":"https:\/\/cortapelosyplanchas.com\/blog\/wp-json\/wp\/v2\/categories?post=2187"},{"taxonomy":"post_tag","embeddable":true,"href":"https:\/\/cortapelosyplanchas.com\/blog\/wp-json\/wp\/v2\/tags?post=2187"}],"curies":[{"name":"wp","href":"https:\/\/api.w.org\/{rel}","templated":true}]}}