{"id":1565,"date":"2017-08-03T10:32:58","date_gmt":"2017-08-03T08:32:58","guid":{"rendered":"https:\/\/cortapelosyplanchas.com\/blog\/?p=1565"},"modified":"2017-08-07T10:34:04","modified_gmt":"2017-08-07T08:34:04","slug":"los-recalces-de-cortapelos-son-peines-separadores-para-cortar-el-pelo-a-la-altura-deseada","status":"publish","type":"post","link":"https:\/\/cortapelosyplanchas.com\/blog\/los-recalces-de-cortapelos-son-peines-separadores-para-cortar-el-pelo-a-la-altura-deseada\/","title":{"rendered":"Los recalces de cortapelos son peines separadores para cortar el pelo a la altura deseada"},"content":{"rendered":"<p style=\"text-align: justify;\">A nuestros perros les gusta estar frescos en verano, pero no a todas las razas es recomendables quitarles el pelo por completo puesto que el propio manto de pelo hace de protector, as\u00ed que lo recomendable es descargarlo y dejar que el perro vaya mas ligero, sin llegar a raparlo completamente.<\/p>\n<p><!--more--><\/p>\n<p style=\"text-align: justify;\">Sin experiencia como peluquero, uno puede pelar al perro teniendo un<a href=\"https:\/\/www.cortapelosyplanchas.com\/peluqueria-canina\/peluqueria-canina\/cortapelo-perros.html\" target=\"_blank\" rel=\"noopener\"><strong> cortapelos para mascotas<\/strong><\/a> al que se le pueda poner un<a href=\"https:\/\/www.cortapelosyplanchas.com\/peluqueria-canina\/peluqueria-canina\/recalces.html\" target=\"_blank\" rel=\"noopener\"><strong> recalce o peine separador<\/strong><\/a> para salvaguardar la altura del pelo.<\/p>\n<p style=\"text-align: justify;\">Lo que hace este <a href=\"https:\/\/www.cortapelosyplanchas.com\/peluqueria-canina\/peluqueria-canina\/recalces.html\" target=\"_blank\" rel=\"noopener\"><strong>recalce separador<\/strong><\/a> es precisamente evitar que la cuchilla del<strong> cortapelo<\/strong> roce la piel del animal, manteni\u00e9ndola levantada a la altura del recalce, de forma que sea esta pieza en forma de peine la que se deslice en contacto con el cuerpo del animal, manteniendo el<a href=\"https:\/\/www.cortapelosyplanchas.com\/peluqueria-canina\/peluqueria-canina\/cabezales-animal.html\" target=\"_blank\" rel=\"noopener\"> cabezal y la cuchilla<\/a> justo a al altura de corte de pelo, por eso es importante comprar un <a href=\"https:\/\/www.cortapelosyplanchas.com\/peluqueria-canina\/peluqueria-canina\/cortapelo-perros.html\" target=\"_blank\" rel=\"noopener\"><strong>cortapelo canino<\/strong> <\/a>que lleve o varios <a href=\"https:\/\/www.cortapelosyplanchas.com\/peluqueria-canina\/peluqueria-canina\/recalces.html\" target=\"_blank\" rel=\"noopener\"><strong>recalces<\/strong><\/a> de distinto tama\u00f1o o un sistema regulador de la altura.<\/p>\n<p style=\"text-align: justify;\">Con el recalce puesto, es facil igualar el corte de pelo , aunque en peque\u00f1as zonas es recomendable el uso de un \u00a0<a href=\"https:\/\/www.cortapelosyplanchas.com\/peluqueria-canina\/peluqueria-canina\/wahl-stylique-pet-maquina-retocadora-para-mascotas.html\" target=\"_blank\" rel=\"noopener noreferrer\">cortapelo de retoque canino<\/a>\u00a0que sirve para recortar y repasar peque\u00f1as zonas donde la m\u00e1quina grande no llega o donde nosotros no nos atrevemos \u00a0a pasarla, sobre todo en la cara del animal, en las patas, y en la zona de los o\u00eddos.<\/p>\n<p style=\"text-align: justify;\">Indudablemente, el funcionamiento de un<a href=\"https:\/\/www.cortapelosyplanchas.com\/peluqueria-canina\/peluqueria-canina\/cortapelo-perros.html\" target=\"_blank\" rel=\"noopener\"><strong> cortapelo para mascotas<\/strong> <\/a>es el mismo que el de un <a href=\"https:\/\/www.cortapelosyplanchas.com\/cortapelos.html\" target=\"_blank\" rel=\"noopener\"><strong>cortapelo dom\u00e9stico<\/strong><\/a>, aunque ambas m\u00e1quinas tienen distintas caracter\u00edsticas t\u00e9cnicas que se tienen en cuenta a la hora de dise\u00f1arlas, pero en los <a href=\"https:\/\/www.cortapelosyplanchas.com\/cortapelos.html\" target=\"_blank\" rel=\"noopener\"><strong>cortapelos para las personas<\/strong><\/a> tambi\u00e9n se incluyen estos <strong>recalces o peines separadores<\/strong>, porque la funci\u00f3n es exactamente la misma, regular la altura del corte de pelo.<\/p>\n<figure id=\"attachment_330\" aria-describedby=\"caption-attachment-330\" style=\"width: 800px\" class=\"wp-caption aligncenter\"><a href=\"https:\/\/www.cortapelosyplanchas.com\"><img loading=\"lazy\" decoding=\"async\" class=\"size-full wp-image-330\" src=\"https:\/\/cortapelosyplanchas.com\/blog\/wp-content\/uploads\/2016\/05\/Tienda-online-Productos-pelqueria-cortapelos-y-planchas.jpg\" alt=\"Web de productos de peluquer\u00eda para Profesionales \" width=\"800\" height=\"400\" srcset=\"https:\/\/cortapelosyplanchas.com\/blog\/wp-content\/uploads\/2016\/05\/Tienda-online-Productos-pelqueria-cortapelos-y-planchas.jpg 800w, https:\/\/cortapelosyplanchas.com\/blog\/wp-content\/uploads\/2016\/05\/Tienda-online-Productos-pelqueria-cortapelos-y-planchas-300x150.jpg 300w, https:\/\/cortapelosyplanchas.com\/blog\/wp-content\/uploads\/2016\/05\/Tienda-online-Productos-pelqueria-cortapelos-y-planchas-768x384.jpg 768w\" sizes=\"auto, (max-width: 800px) 100vw, 800px\" \/><\/a><figcaption id=\"caption-attachment-330\" class=\"wp-caption-text\">Web de productos de peluquer\u00eda para Profesionales<\/figcaption><\/figure>\n","protected":false},"excerpt":{"rendered":"<p>A nuestros perros les gusta estar frescos en verano, pero no a todas las razas es recomendables quitarles el pelo por completo puesto que el propio manto de pelo hace de protector, as\u00ed que lo recomendable es descargarlo y dejar que el perro vaya mas ligero, sin llegar a raparlo completamente.<\/p>\n","protected":false},"author":1,"featured_media":1566,"comment_status":"closed","ping_status":"closed","sticky":false,"template":"","format":"standard","meta":{"footnotes":""},"categories":[386,9,365],"tags":[901,1004,286,1001,1002,378,576,1003,902],"class_list":["post-1565","post","type-post","status-publish","format-standard","has-post-thumbnail","hentry","category-accesorios-y-repuestos","category-httpwww-cortapelosyplanchas-com","category-peluqueria-canina","tag-almacen-de-cortapelos-para-perros","tag-comprar-recalces-cortapelos","tag-cortapelo-domestico","tag-cortapelos-para-las-personas","tag-cortapelos-para-mascotas","tag-cortapelos-para-perros","tag-los-mejores-cortapelos-para-perros","tag-recalces-y-peines-para-cortapelos","tag-tienda-de-cortapelos-caninos"],"yoast_head":"<!-- This site is optimized with the Yoast SEO plugin v27.4 - https:\/\/yoast.com\/product\/yoast-seo-wordpress\/ -->\n<title>Los recalces de cortapelos son peines separadores para cortar el pelo a la altura deseada - Cortapelos y Planchas<\/title>\n<meta name=\"robots\" content=\"index, follow, max-snippet:-1, max-image-preview:large, max-video-preview:-1\" \/>\n<link rel=\"canonical\" href=\"https:\/\/cortapelosyplanchas.com\/blog\/los-recalces-de-cortapelos-son-peines-separadores-para-cortar-el-pelo-a-la-altura-deseada\/\" \/>\n<meta property=\"og:locale\" content=\"es_ES\" \/>\n<meta property=\"og:type\" content=\"article\" \/>\n<meta property=\"og:title\" content=\"Los recalces de cortapelos son peines separadores para cortar el pelo a la altura deseada - Cortapelos y Planchas\" \/>\n<meta property=\"og:description\" content=\"A nuestros perros les gusta estar frescos en verano, pero no a todas las razas es recomendables quitarles el pelo por completo puesto que el propio manto de pelo hace de protector, as\u00ed que lo recomendable es descargarlo y dejar que el perro vaya mas ligero, sin llegar a raparlo completamente.\" \/>\n<meta property=\"og:url\" content=\"https:\/\/cortapelosyplanchas.com\/blog\/los-recalces-de-cortapelos-son-peines-separadores-para-cortar-el-pelo-a-la-altura-deseada\/\" \/>\n<meta property=\"og:site_name\" content=\"Cortapelos y Planchas\" \/>\n<meta property=\"article:published_time\" content=\"2017-08-03T08:32:58+00:00\" \/>\n<meta property=\"article:modified_time\" content=\"2017-08-07T08:34:04+00:00\" \/>\n<meta property=\"og:image\" content=\"https:\/\/cortapelosyplanchas.com\/blog\/wp-content\/uploads\/2017\/08\/recalces_andis_magn_ticos_con_im_n_para_cortapelos_kit_8_comprar_recalces_andis_al_mejor_precio_.jpg\" \/>\n\t<meta property=\"og:image:width\" content=\"500\" \/>\n\t<meta property=\"og:image:height\" content=\"500\" \/>\n\t<meta property=\"og:image:type\" content=\"image\/jpeg\" \/>\n<meta name=\"author\" content=\"admin\" \/>\n<meta name=\"twitter:card\" content=\"summary_large_image\" \/>\n<meta name=\"twitter:label1\" content=\"Escrito por\" \/>\n\t<meta name=\"twitter:data1\" content=\"admin\" \/>\n\t<meta name=\"twitter:label2\" content=\"Tiempo de lectura\" \/>\n\t<meta name=\"twitter:data2\" content=\"2 minutos\" \/>\n<script type=\"application\/ld+json\" class=\"yoast-schema-graph\">{\"@context\":\"https:\\\/\\\/schema.org\",\"@graph\":[{\"@type\":\"Article\",\"@id\":\"https:\\\/\\\/cortapelosyplanchas.com\\\/blog\\\/los-recalces-de-cortapelos-son-peines-separadores-para-cortar-el-pelo-a-la-altura-deseada\\\/#article\",\"isPartOf\":{\"@id\":\"https:\\\/\\\/cortapelosyplanchas.com\\\/blog\\\/los-recalces-de-cortapelos-son-peines-separadores-para-cortar-el-pelo-a-la-altura-deseada\\\/\"},\"author\":{\"name\":\"admin\",\"@id\":\"https:\\\/\\\/cortapelosyplanchas.com\\\/blog\\\/#\\\/schema\\\/person\\\/8d598e779c1fdcfef4c6b9af1a977f5d\"},\"headline\":\"Los recalces de cortapelos son peines separadores para cortar el pelo a la altura deseada\",\"datePublished\":\"2017-08-03T08:32:58+00:00\",\"dateModified\":\"2017-08-07T08:34:04+00:00\",\"mainEntityOfPage\":{\"@id\":\"https:\\\/\\\/cortapelosyplanchas.com\\\/blog\\\/los-recalces-de-cortapelos-son-peines-separadores-para-cortar-el-pelo-a-la-altura-deseada\\\/\"},\"wordCount\":336,\"image\":{\"@id\":\"https:\\\/\\\/cortapelosyplanchas.com\\\/blog\\\/los-recalces-de-cortapelos-son-peines-separadores-para-cortar-el-pelo-a-la-altura-deseada\\\/#primaryimage\"},\"thumbnailUrl\":\"https:\\\/\\\/cortapelosyplanchas.com\\\/blog\\\/wp-content\\\/uploads\\\/2017\\\/08\\\/recalces_andis_magn_ticos_con_im_n_para_cortapelos_kit_8_comprar_recalces_andis_al_mejor_precio_.jpg\",\"keywords\":[\"almac\u00e9n de cortapelos para perros\",\"comprar recalces cortapelos\",\"cortapelo dom\u00e9stico\",\"cortapelos para las personas\",\"cortapelos para mascotas\",\"cortapelos para perros\",\"los mejores cortapelos para perros\",\"recalces y peines para cortapelos\",\"tienda de cortapelos caninos\"],\"articleSection\":[\"Accesorios y Repuestos\",\"Cortapelos\",\"Peluquer\u00eda canina\"],\"inLanguage\":\"es\"},{\"@type\":\"WebPage\",\"@id\":\"https:\\\/\\\/cortapelosyplanchas.com\\\/blog\\\/los-recalces-de-cortapelos-son-peines-separadores-para-cortar-el-pelo-a-la-altura-deseada\\\/\",\"url\":\"https:\\\/\\\/cortapelosyplanchas.com\\\/blog\\\/los-recalces-de-cortapelos-son-peines-separadores-para-cortar-el-pelo-a-la-altura-deseada\\\/\",\"name\":\"Los recalces de cortapelos son peines separadores para cortar el pelo a la altura deseada - Cortapelos y Planchas\",\"isPartOf\":{\"@id\":\"https:\\\/\\\/cortapelosyplanchas.com\\\/blog\\\/#website\"},\"primaryImageOfPage\":{\"@id\":\"https:\\\/\\\/cortapelosyplanchas.com\\\/blog\\\/los-recalces-de-cortapelos-son-peines-separadores-para-cortar-el-pelo-a-la-altura-deseada\\\/#primaryimage\"},\"image\":{\"@id\":\"https:\\\/\\\/cortapelosyplanchas.com\\\/blog\\\/los-recalces-de-cortapelos-son-peines-separadores-para-cortar-el-pelo-a-la-altura-deseada\\\/#primaryimage\"},\"thumbnailUrl\":\"https:\\\/\\\/cortapelosyplanchas.com\\\/blog\\\/wp-content\\\/uploads\\\/2017\\\/08\\\/recalces_andis_magn_ticos_con_im_n_para_cortapelos_kit_8_comprar_recalces_andis_al_mejor_precio_.jpg\",\"datePublished\":\"2017-08-03T08:32:58+00:00\",\"dateModified\":\"2017-08-07T08:34:04+00:00\",\"author\":{\"@id\":\"https:\\\/\\\/cortapelosyplanchas.com\\\/blog\\\/#\\\/schema\\\/person\\\/8d598e779c1fdcfef4c6b9af1a977f5d\"},\"breadcrumb\":{\"@id\":\"https:\\\/\\\/cortapelosyplanchas.com\\\/blog\\\/los-recalces-de-cortapelos-son-peines-separadores-para-cortar-el-pelo-a-la-altura-deseada\\\/#breadcrumb\"},\"inLanguage\":\"es\",\"potentialAction\":[{\"@type\":\"ReadAction\",\"target\":[\"https:\\\/\\\/cortapelosyplanchas.com\\\/blog\\\/los-recalces-de-cortapelos-son-peines-separadores-para-cortar-el-pelo-a-la-altura-deseada\\\/\"]}]},{\"@type\":\"ImageObject\",\"inLanguage\":\"es\",\"@id\":\"https:\\\/\\\/cortapelosyplanchas.com\\\/blog\\\/los-recalces-de-cortapelos-son-peines-separadores-para-cortar-el-pelo-a-la-altura-deseada\\\/#primaryimage\",\"url\":\"https:\\\/\\\/cortapelosyplanchas.com\\\/blog\\\/wp-content\\\/uploads\\\/2017\\\/08\\\/recalces_andis_magn_ticos_con_im_n_para_cortapelos_kit_8_comprar_recalces_andis_al_mejor_precio_.jpg\",\"contentUrl\":\"https:\\\/\\\/cortapelosyplanchas.com\\\/blog\\\/wp-content\\\/uploads\\\/2017\\\/08\\\/recalces_andis_magn_ticos_con_im_n_para_cortapelos_kit_8_comprar_recalces_andis_al_mejor_precio_.jpg\",\"width\":500,\"height\":500,\"caption\":\"recalces_andis_magn_ticos_con_im_n_para_cortapelos_kit_8_comprar_recalces_andis_al_mejor_precio_\"},{\"@type\":\"BreadcrumbList\",\"@id\":\"https:\\\/\\\/cortapelosyplanchas.com\\\/blog\\\/los-recalces-de-cortapelos-son-peines-separadores-para-cortar-el-pelo-a-la-altura-deseada\\\/#breadcrumb\",\"itemListElement\":[{\"@type\":\"ListItem\",\"position\":1,\"name\":\"Portada\",\"item\":\"https:\\\/\\\/cortapelosyplanchas.com\\\/blog\\\/\"},{\"@type\":\"ListItem\",\"position\":2,\"name\":\"Accesorios y Repuestos\",\"item\":\"https:\\\/\\\/cortapelosyplanchas.com\\\/blog\\\/category\\\/accesorios-y-repuestos\\\/\"},{\"@type\":\"ListItem\",\"position\":3,\"name\":\"Los recalces de cortapelos son peines separadores para cortar el pelo a la altura deseada\"}]},{\"@type\":\"WebSite\",\"@id\":\"https:\\\/\\\/cortapelosyplanchas.com\\\/blog\\\/#website\",\"url\":\"https:\\\/\\\/cortapelosyplanchas.com\\\/blog\\\/\",\"name\":\"Cortapelos y Planchas\",\"description\":\"Tienda online de productos profesionales para la barber\u00eda y peluquer\u00eda\",\"potentialAction\":[{\"@type\":\"SearchAction\",\"target\":{\"@type\":\"EntryPoint\",\"urlTemplate\":\"https:\\\/\\\/cortapelosyplanchas.com\\\/blog\\\/?s={search_term_string}\"},\"query-input\":{\"@type\":\"PropertyValueSpecification\",\"valueRequired\":true,\"valueName\":\"search_term_string\"}}],\"inLanguage\":\"es\"},{\"@type\":\"Person\",\"@id\":\"https:\\\/\\\/cortapelosyplanchas.com\\\/blog\\\/#\\\/schema\\\/person\\\/8d598e779c1fdcfef4c6b9af1a977f5d\",\"name\":\"admin\",\"image\":{\"@type\":\"ImageObject\",\"inLanguage\":\"es\",\"@id\":\"https:\\\/\\\/secure.gravatar.com\\\/avatar\\\/40514707bfd39d3804d4b44915d7ed2ec67df255ac2ef5884b698885f0278493?s=96&d=mm&r=g\",\"url\":\"https:\\\/\\\/secure.gravatar.com\\\/avatar\\\/40514707bfd39d3804d4b44915d7ed2ec67df255ac2ef5884b698885f0278493?s=96&d=mm&r=g\",\"contentUrl\":\"https:\\\/\\\/secure.gravatar.com\\\/avatar\\\/40514707bfd39d3804d4b44915d7ed2ec67df255ac2ef5884b698885f0278493?s=96&d=mm&r=g\",\"caption\":\"admin\"},\"url\":\"https:\\\/\\\/cortapelosyplanchas.com\\\/blog\\\/author\\\/admin\\\/\"}]}<\/script>\n<!-- \/ Yoast SEO plugin. -->","yoast_head_json":{"title":"Los recalces de cortapelos son peines separadores para cortar el pelo a la altura deseada - Cortapelos y Planchas","robots":{"index":"index","follow":"follow","max-snippet":"max-snippet:-1","max-image-preview":"max-image-preview:large","max-video-preview":"max-video-preview:-1"},"canonical":"https:\/\/cortapelosyplanchas.com\/blog\/los-recalces-de-cortapelos-son-peines-separadores-para-cortar-el-pelo-a-la-altura-deseada\/","og_locale":"es_ES","og_type":"article","og_title":"Los recalces de cortapelos son peines separadores para cortar el pelo a la altura deseada - Cortapelos y Planchas","og_description":"A nuestros perros les gusta estar frescos en verano, pero no a todas las razas es recomendables quitarles el pelo por completo puesto que el propio manto de pelo hace de protector, as\u00ed que lo recomendable es descargarlo y dejar que el perro vaya mas ligero, sin llegar a raparlo completamente.","og_url":"https:\/\/cortapelosyplanchas.com\/blog\/los-recalces-de-cortapelos-son-peines-separadores-para-cortar-el-pelo-a-la-altura-deseada\/","og_site_name":"Cortapelos y Planchas","article_published_time":"2017-08-03T08:32:58+00:00","article_modified_time":"2017-08-07T08:34:04+00:00","og_image":[{"width":500,"height":500,"url":"https:\/\/cortapelosyplanchas.com\/blog\/wp-content\/uploads\/2017\/08\/recalces_andis_magn_ticos_con_im_n_para_cortapelos_kit_8_comprar_recalces_andis_al_mejor_precio_.jpg","type":"image\/jpeg"}],"author":"admin","twitter_card":"summary_large_image","twitter_misc":{"Escrito por":"admin","Tiempo de lectura":"2 minutos"},"schema":{"@context":"https:\/\/schema.org","@graph":[{"@type":"Article","@id":"https:\/\/cortapelosyplanchas.com\/blog\/los-recalces-de-cortapelos-son-peines-separadores-para-cortar-el-pelo-a-la-altura-deseada\/#article","isPartOf":{"@id":"https:\/\/cortapelosyplanchas.com\/blog\/los-recalces-de-cortapelos-son-peines-separadores-para-cortar-el-pelo-a-la-altura-deseada\/"},"author":{"name":"admin","@id":"https:\/\/cortapelosyplanchas.com\/blog\/#\/schema\/person\/8d598e779c1fdcfef4c6b9af1a977f5d"},"headline":"Los recalces de cortapelos son peines separadores para cortar el pelo a la altura deseada","datePublished":"2017-08-03T08:32:58+00:00","dateModified":"2017-08-07T08:34:04+00:00","mainEntityOfPage":{"@id":"https:\/\/cortapelosyplanchas.com\/blog\/los-recalces-de-cortapelos-son-peines-separadores-para-cortar-el-pelo-a-la-altura-deseada\/"},"wordCount":336,"image":{"@id":"https:\/\/cortapelosyplanchas.com\/blog\/los-recalces-de-cortapelos-son-peines-separadores-para-cortar-el-pelo-a-la-altura-deseada\/#primaryimage"},"thumbnailUrl":"https:\/\/cortapelosyplanchas.com\/blog\/wp-content\/uploads\/2017\/08\/recalces_andis_magn_ticos_con_im_n_para_cortapelos_kit_8_comprar_recalces_andis_al_mejor_precio_.jpg","keywords":["almac\u00e9n de cortapelos para perros","comprar recalces cortapelos","cortapelo dom\u00e9stico","cortapelos para las personas","cortapelos para mascotas","cortapelos para perros","los mejores cortapelos para perros","recalces y peines para cortapelos","tienda de cortapelos caninos"],"articleSection":["Accesorios y Repuestos","Cortapelos","Peluquer\u00eda canina"],"inLanguage":"es"},{"@type":"WebPage","@id":"https:\/\/cortapelosyplanchas.com\/blog\/los-recalces-de-cortapelos-son-peines-separadores-para-cortar-el-pelo-a-la-altura-deseada\/","url":"https:\/\/cortapelosyplanchas.com\/blog\/los-recalces-de-cortapelos-son-peines-separadores-para-cortar-el-pelo-a-la-altura-deseada\/","name":"Los recalces de cortapelos son peines separadores para cortar el pelo a la altura deseada - Cortapelos y Planchas","isPartOf":{"@id":"https:\/\/cortapelosyplanchas.com\/blog\/#website"},"primaryImageOfPage":{"@id":"https:\/\/cortapelosyplanchas.com\/blog\/los-recalces-de-cortapelos-son-peines-separadores-para-cortar-el-pelo-a-la-altura-deseada\/#primaryimage"},"image":{"@id":"https:\/\/cortapelosyplanchas.com\/blog\/los-recalces-de-cortapelos-son-peines-separadores-para-cortar-el-pelo-a-la-altura-deseada\/#primaryimage"},"thumbnailUrl":"https:\/\/cortapelosyplanchas.com\/blog\/wp-content\/uploads\/2017\/08\/recalces_andis_magn_ticos_con_im_n_para_cortapelos_kit_8_comprar_recalces_andis_al_mejor_precio_.jpg","datePublished":"2017-08-03T08:32:58+00:00","dateModified":"2017-08-07T08:34:04+00:00","author":{"@id":"https:\/\/cortapelosyplanchas.com\/blog\/#\/schema\/person\/8d598e779c1fdcfef4c6b9af1a977f5d"},"breadcrumb":{"@id":"https:\/\/cortapelosyplanchas.com\/blog\/los-recalces-de-cortapelos-son-peines-separadores-para-cortar-el-pelo-a-la-altura-deseada\/#breadcrumb"},"inLanguage":"es","potentialAction":[{"@type":"ReadAction","target":["https:\/\/cortapelosyplanchas.com\/blog\/los-recalces-de-cortapelos-son-peines-separadores-para-cortar-el-pelo-a-la-altura-deseada\/"]}]},{"@type":"ImageObject","inLanguage":"es","@id":"https:\/\/cortapelosyplanchas.com\/blog\/los-recalces-de-cortapelos-son-peines-separadores-para-cortar-el-pelo-a-la-altura-deseada\/#primaryimage","url":"https:\/\/cortapelosyplanchas.com\/blog\/wp-content\/uploads\/2017\/08\/recalces_andis_magn_ticos_con_im_n_para_cortapelos_kit_8_comprar_recalces_andis_al_mejor_precio_.jpg","contentUrl":"https:\/\/cortapelosyplanchas.com\/blog\/wp-content\/uploads\/2017\/08\/recalces_andis_magn_ticos_con_im_n_para_cortapelos_kit_8_comprar_recalces_andis_al_mejor_precio_.jpg","width":500,"height":500,"caption":"recalces_andis_magn_ticos_con_im_n_para_cortapelos_kit_8_comprar_recalces_andis_al_mejor_precio_"},{"@type":"BreadcrumbList","@id":"https:\/\/cortapelosyplanchas.com\/blog\/los-recalces-de-cortapelos-son-peines-separadores-para-cortar-el-pelo-a-la-altura-deseada\/#breadcrumb","itemListElement":[{"@type":"ListItem","position":1,"name":"Portada","item":"https:\/\/cortapelosyplanchas.com\/blog\/"},{"@type":"ListItem","position":2,"name":"Accesorios y Repuestos","item":"https:\/\/cortapelosyplanchas.com\/blog\/category\/accesorios-y-repuestos\/"},{"@type":"ListItem","position":3,"name":"Los recalces de cortapelos son peines separadores para cortar el pelo a la altura deseada"}]},{"@type":"WebSite","@id":"https:\/\/cortapelosyplanchas.com\/blog\/#website","url":"https:\/\/cortapelosyplanchas.com\/blog\/","name":"Cortapelos y Planchas","description":"Tienda online de productos profesionales para la barber\u00eda y peluquer\u00eda","potentialAction":[{"@type":"SearchAction","target":{"@type":"EntryPoint","urlTemplate":"https:\/\/cortapelosyplanchas.com\/blog\/?s={search_term_string}"},"query-input":{"@type":"PropertyValueSpecification","valueRequired":true,"valueName":"search_term_string"}}],"inLanguage":"es"},{"@type":"Person","@id":"https:\/\/cortapelosyplanchas.com\/blog\/#\/schema\/person\/8d598e779c1fdcfef4c6b9af1a977f5d","name":"admin","image":{"@type":"ImageObject","inLanguage":"es","@id":"https:\/\/secure.gravatar.com\/avatar\/40514707bfd39d3804d4b44915d7ed2ec67df255ac2ef5884b698885f0278493?s=96&d=mm&r=g","url":"https:\/\/secure.gravatar.com\/avatar\/40514707bfd39d3804d4b44915d7ed2ec67df255ac2ef5884b698885f0278493?s=96&d=mm&r=g","contentUrl":"https:\/\/secure.gravatar.com\/avatar\/40514707bfd39d3804d4b44915d7ed2ec67df255ac2ef5884b698885f0278493?s=96&d=mm&r=g","caption":"admin"},"url":"https:\/\/cortapelosyplanchas.com\/blog\/author\/admin\/"}]}},"_links":{"self":[{"href":"https:\/\/cortapelosyplanchas.com\/blog\/wp-json\/wp\/v2\/posts\/1565","targetHints":{"allow":["GET"]}}],"collection":[{"href":"https:\/\/cortapelosyplanchas.com\/blog\/wp-json\/wp\/v2\/posts"}],"about":[{"href":"https:\/\/cortapelosyplanchas.com\/blog\/wp-json\/wp\/v2\/types\/post"}],"author":[{"embeddable":true,"href":"https:\/\/cortapelosyplanchas.com\/blog\/wp-json\/wp\/v2\/users\/1"}],"replies":[{"embeddable":true,"href":"https:\/\/cortapelosyplanchas.com\/blog\/wp-json\/wp\/v2\/comments?post=1565"}],"version-history":[{"count":1,"href":"https:\/\/cortapelosyplanchas.com\/blog\/wp-json\/wp\/v2\/posts\/1565\/revisions"}],"predecessor-version":[{"id":1567,"href":"https:\/\/cortapelosyplanchas.com\/blog\/wp-json\/wp\/v2\/posts\/1565\/revisions\/1567"}],"wp:featuredmedia":[{"embeddable":true,"href":"https:\/\/cortapelosyplanchas.com\/blog\/wp-json\/wp\/v2\/media\/1566"}],"wp:attachment":[{"href":"https:\/\/cortapelosyplanchas.com\/blog\/wp-json\/wp\/v2\/media?parent=1565"}],"wp:term":[{"taxonomy":"category","embeddable":true,"href":"https:\/\/cortapelosyplanchas.com\/blog\/wp-json\/wp\/v2\/categories?post=1565"},{"taxonomy":"post_tag","embeddable":true,"href":"https:\/\/cortapelosyplanchas.com\/blog\/wp-json\/wp\/v2\/tags?post=1565"}],"curies":[{"name":"wp","href":"https:\/\/api.w.org\/{rel}","templated":true}]}}