{"id":1508,"date":"2017-07-17T10:26:36","date_gmt":"2017-07-17T08:26:36","guid":{"rendered":"https:\/\/cortapelosyplanchas.com\/blog\/?p=1508"},"modified":"2017-07-17T10:29:30","modified_gmt":"2017-07-17T08:29:30","slug":"recomendaciones-y-cuidados-de-las-baterias-de-los-cortapelos","status":"publish","type":"post","link":"https:\/\/cortapelosyplanchas.com\/blog\/recomendaciones-y-cuidados-de-las-baterias-de-los-cortapelos\/","title":{"rendered":"Recomendaciones y cuidados de las bater\u00edas de los cortapelos"},"content":{"rendered":"<p style=\"text-align: justify;\">En algunos post de este blog de comunicaci\u00f3n, hemos hablado de los <a href=\"https:\/\/www.cortapelosyplanchas.com\/cortapelos\/cortapelos-a-bateria.html\" target=\"_blank\" rel=\"noopener\"> cortapelos sin cable <\/a>que obviamente se llaman as\u00ed \u00a0porque son m\u00e1quinas de cortar el pelo que funcionan mediante bater\u00edas recargables, y precisamente de ellas y de sus cuidados vamos a hablar en esta ocasi\u00f3n.<\/p>\n<p><!--more--><\/p>\n<p style=\"text-align: justify;\">Generalmente las <a href=\"https:\/\/www.cortapelosyplanchas.com\/cortapelos\/repuestos\/baterias.html\" target=\"_blank\" rel=\"noopener\">bater\u00edas de los cortapelos <\/a>se recargan mediante aparatos llamados cargadores de bater\u00edas que suelen conectarse en un extremo a la toma que dispone el\u00a0\u00a0<a href=\"https:\/\/www.cortapelosyplanchas.com\/cortapelos\/cortapelos-a-bateria.html\" target=\"_blank\" rel=\"noopener\"><strong>cortapelos<\/strong><\/a>\u00a0 y en el otro extremo al enchufe de la red el\u00e9ctrica.<\/p>\n<p style=\"text-align: justify;\">Hay modelos de <strong>cortapelos<\/strong> que permiten su funcionamiento durante la carga aunque la bater\u00eda est\u00e9 completamente descargada y otros que no funcionan si las bater\u00edas no tienen carga.<\/p>\n<p style=\"text-align: justify;\">Siempre es aconsejable que la bater\u00eda est\u00e9 cargada, aunque no hay que estar continuamente carg\u00e1ndola, ya que es preferible agotarla, as\u00ed que esto que parece una contradicci\u00f3n hay que explicarlo.<\/p>\n<p style=\"text-align: justify;\">Supongamos que es la primera vez que cargamos la <a href=\"https:\/\/www.cortapelosyplanchas.com\/cortapelos\/repuestos\/baterias.html\" target=\"_blank\" rel=\"noopener\">bater\u00eda de un cortapelo<\/a> , as\u00ed que lo l\u00f3gico es darle una carga total, pero si a continuaci\u00f3n lo usamos durante 20 minutos, no es necesario volver a ponerlo a cargar, sino continuar los trabajos con la carga restante.<\/p>\n<p style=\"text-align: justify;\">Si vamos a seguir trabajando es preferible seguir consumiendo bater\u00eda y no completar la carga, ahora bien, si la m\u00e1quina hace mucho tiempo que la usamos, \u00a0pongamos dos o tres meses, entonces es aconsejable ponerla a cargar y utilizarla con carga completa.<\/p>\n<p style=\"text-align: justify;\">Tambi\u00e9n hay que decir que una <strong>bater\u00eda estandar<\/strong> necesita descargarse por completo de vez en cuando, pero hay otro tipo de bater\u00edas\u00a0de las llamadas <strong>\u00absin efecto memoria\u00bb \u00a0<\/strong>que ofrece el\u00a0mismo rendimiento con independencia del nivel de carga que tenga, as\u00ed que funcionar\u00e1 igual de potente y r\u00e1pido con la bater\u00eda llena que a media carga.<\/p>\n<p style=\"text-align: justify;\">Con independencia de estos consejos, hay que leer siempre el manual de instrucciones que viene con el aparato, ya que cada fabricante aconseja los mejores cuidados tanto para sus aparatos como para las bater\u00edas, as\u00ed que sobre todo <strong>hay que seguir las instrucciones que nos recomiende el fabricante.<\/strong><\/p>\n<p>Indudablemente nunca hay que mojar las bater\u00edas ni exponerlas a sitios demasiado calientes ya que podr\u00edan deteriorarse, y en el caso de que tengamos otra bater\u00eda de repuesto, guardarla siempre en un lugar seco, lejos de la humedad y a ser posible dentro de una caja que la proteja del polvo.<\/p>\n<figure id=\"attachment_330\" aria-describedby=\"caption-attachment-330\" style=\"width: 800px\" class=\"wp-caption aligncenter\"><a href=\"https:\/\/www.cortapelosyplanchas.com\"><img loading=\"lazy\" decoding=\"async\" class=\"size-full wp-image-330\" src=\"https:\/\/cortapelosyplanchas.com\/blog\/wp-content\/uploads\/2016\/05\/Tienda-online-Productos-pelqueria-cortapelos-y-planchas.jpg\" alt=\"Web de productos de peluquer\u00eda para Profesionales \" width=\"800\" height=\"400\" srcset=\"https:\/\/cortapelosyplanchas.com\/blog\/wp-content\/uploads\/2016\/05\/Tienda-online-Productos-pelqueria-cortapelos-y-planchas.jpg 800w, https:\/\/cortapelosyplanchas.com\/blog\/wp-content\/uploads\/2016\/05\/Tienda-online-Productos-pelqueria-cortapelos-y-planchas-300x150.jpg 300w, https:\/\/cortapelosyplanchas.com\/blog\/wp-content\/uploads\/2016\/05\/Tienda-online-Productos-pelqueria-cortapelos-y-planchas-768x384.jpg 768w\" sizes=\"auto, (max-width: 800px) 100vw, 800px\" \/><\/a><figcaption id=\"caption-attachment-330\" class=\"wp-caption-text\">Web de productos de peluquer\u00eda para Profesionales<\/figcaption><\/figure>\n<p>&nbsp;<\/p>\n","protected":false},"excerpt":{"rendered":"<p>En algunos post de este blog de comunicaci\u00f3n, hemos hablado de los cortapelos sin cable que obviamente se llaman as\u00ed \u00a0porque son m\u00e1quinas de cortar el pelo que funcionan mediante bater\u00edas recargables, y precisamente de ellas y de sus cuidados vamos a hablar en esta ocasi\u00f3n.<\/p>\n","protected":false},"author":1,"featured_media":1509,"comment_status":"closed","ping_status":"closed","sticky":false,"template":"","format":"standard","meta":{"footnotes":""},"categories":[386,9],"tags":[810,967,32,966],"class_list":["post-1508","post","type-post","status-publish","format-standard","has-post-thumbnail","hentry","category-accesorios-y-repuestos","category-httpwww-cortapelosyplanchas-com","tag-baterias-para-cortapelos","tag-como-cuidar-los-cortapelos","tag-cortapelo-a-bateria","tag-cuidados-del-cortapelo"],"yoast_head":"<!-- This site is optimized with the Yoast SEO plugin v27.4 - https:\/\/yoast.com\/product\/yoast-seo-wordpress\/ -->\n<title>Recomendaciones y cuidados de las bater\u00edas de los cortapelos - Cortapelos y Planchas<\/title>\n<meta name=\"robots\" content=\"index, follow, max-snippet:-1, max-image-preview:large, max-video-preview:-1\" \/>\n<link rel=\"canonical\" href=\"https:\/\/cortapelosyplanchas.com\/blog\/recomendaciones-y-cuidados-de-las-baterias-de-los-cortapelos\/\" \/>\n<meta property=\"og:locale\" content=\"es_ES\" \/>\n<meta property=\"og:type\" content=\"article\" \/>\n<meta property=\"og:title\" content=\"Recomendaciones y cuidados de las bater\u00edas de los cortapelos - Cortapelos y Planchas\" \/>\n<meta property=\"og:description\" content=\"En algunos post de este blog de comunicaci\u00f3n, hemos hablado de los cortapelos sin cable que obviamente se llaman as\u00ed \u00a0porque son m\u00e1quinas de cortar el pelo que funcionan mediante bater\u00edas recargables, y precisamente de ellas y de sus cuidados vamos a hablar en esta ocasi\u00f3n.\" \/>\n<meta property=\"og:url\" content=\"https:\/\/cortapelosyplanchas.com\/blog\/recomendaciones-y-cuidados-de-las-baterias-de-los-cortapelos\/\" \/>\n<meta property=\"og:site_name\" content=\"Cortapelos y Planchas\" \/>\n<meta property=\"article:published_time\" content=\"2017-07-17T08:26:36+00:00\" \/>\n<meta property=\"article:modified_time\" content=\"2017-07-17T08:29:30+00:00\" \/>\n<meta property=\"og:image\" content=\"https:\/\/cortapelosyplanchas.com\/blog\/wp-content\/uploads\/2017\/07\/comprar_bateri_a_chrosmtyle_bateri_a_cortapelos_1871_bateri_a_corta_pelo_precio_barata_moser_espan_a_chromstyle_baterias_maquinas_moser.jpg\" \/>\n\t<meta property=\"og:image:width\" content=\"600\" \/>\n\t<meta property=\"og:image:height\" content=\"600\" \/>\n\t<meta property=\"og:image:type\" content=\"image\/jpeg\" \/>\n<meta name=\"author\" content=\"admin\" \/>\n<meta name=\"twitter:card\" content=\"summary_large_image\" \/>\n<meta name=\"twitter:label1\" content=\"Escrito por\" \/>\n\t<meta name=\"twitter:data1\" content=\"admin\" \/>\n\t<meta name=\"twitter:label2\" content=\"Tiempo de lectura\" \/>\n\t<meta name=\"twitter:data2\" content=\"2 minutos\" \/>\n<script type=\"application\/ld+json\" class=\"yoast-schema-graph\">{\"@context\":\"https:\\\/\\\/schema.org\",\"@graph\":[{\"@type\":\"Article\",\"@id\":\"https:\\\/\\\/cortapelosyplanchas.com\\\/blog\\\/recomendaciones-y-cuidados-de-las-baterias-de-los-cortapelos\\\/#article\",\"isPartOf\":{\"@id\":\"https:\\\/\\\/cortapelosyplanchas.com\\\/blog\\\/recomendaciones-y-cuidados-de-las-baterias-de-los-cortapelos\\\/\"},\"author\":{\"name\":\"admin\",\"@id\":\"https:\\\/\\\/cortapelosyplanchas.com\\\/blog\\\/#\\\/schema\\\/person\\\/8d598e779c1fdcfef4c6b9af1a977f5d\"},\"headline\":\"Recomendaciones y cuidados de las bater\u00edas de los cortapelos\",\"datePublished\":\"2017-07-17T08:26:36+00:00\",\"dateModified\":\"2017-07-17T08:29:30+00:00\",\"mainEntityOfPage\":{\"@id\":\"https:\\\/\\\/cortapelosyplanchas.com\\\/blog\\\/recomendaciones-y-cuidados-de-las-baterias-de-los-cortapelos\\\/\"},\"wordCount\":438,\"image\":{\"@id\":\"https:\\\/\\\/cortapelosyplanchas.com\\\/blog\\\/recomendaciones-y-cuidados-de-las-baterias-de-los-cortapelos\\\/#primaryimage\"},\"thumbnailUrl\":\"https:\\\/\\\/cortapelosyplanchas.com\\\/blog\\\/wp-content\\\/uploads\\\/2017\\\/07\\\/comprar_bateri_a_chrosmtyle_bateri_a_cortapelos_1871_bateri_a_corta_pelo_precio_barata_moser_espan_a_chromstyle_baterias_maquinas_moser.jpg\",\"keywords\":[\"bater\u00edas para cortapelos\",\"como cuidar los cortapelos\",\"cortapelo a bateria\",\"cuidados del cortapelo\"],\"articleSection\":[\"Accesorios y Repuestos\",\"Cortapelos\"],\"inLanguage\":\"es\"},{\"@type\":\"WebPage\",\"@id\":\"https:\\\/\\\/cortapelosyplanchas.com\\\/blog\\\/recomendaciones-y-cuidados-de-las-baterias-de-los-cortapelos\\\/\",\"url\":\"https:\\\/\\\/cortapelosyplanchas.com\\\/blog\\\/recomendaciones-y-cuidados-de-las-baterias-de-los-cortapelos\\\/\",\"name\":\"Recomendaciones y cuidados de las bater\u00edas de los cortapelos - Cortapelos y Planchas\",\"isPartOf\":{\"@id\":\"https:\\\/\\\/cortapelosyplanchas.com\\\/blog\\\/#website\"},\"primaryImageOfPage\":{\"@id\":\"https:\\\/\\\/cortapelosyplanchas.com\\\/blog\\\/recomendaciones-y-cuidados-de-las-baterias-de-los-cortapelos\\\/#primaryimage\"},\"image\":{\"@id\":\"https:\\\/\\\/cortapelosyplanchas.com\\\/blog\\\/recomendaciones-y-cuidados-de-las-baterias-de-los-cortapelos\\\/#primaryimage\"},\"thumbnailUrl\":\"https:\\\/\\\/cortapelosyplanchas.com\\\/blog\\\/wp-content\\\/uploads\\\/2017\\\/07\\\/comprar_bateri_a_chrosmtyle_bateri_a_cortapelos_1871_bateri_a_corta_pelo_precio_barata_moser_espan_a_chromstyle_baterias_maquinas_moser.jpg\",\"datePublished\":\"2017-07-17T08:26:36+00:00\",\"dateModified\":\"2017-07-17T08:29:30+00:00\",\"author\":{\"@id\":\"https:\\\/\\\/cortapelosyplanchas.com\\\/blog\\\/#\\\/schema\\\/person\\\/8d598e779c1fdcfef4c6b9af1a977f5d\"},\"breadcrumb\":{\"@id\":\"https:\\\/\\\/cortapelosyplanchas.com\\\/blog\\\/recomendaciones-y-cuidados-de-las-baterias-de-los-cortapelos\\\/#breadcrumb\"},\"inLanguage\":\"es\",\"potentialAction\":[{\"@type\":\"ReadAction\",\"target\":[\"https:\\\/\\\/cortapelosyplanchas.com\\\/blog\\\/recomendaciones-y-cuidados-de-las-baterias-de-los-cortapelos\\\/\"]}]},{\"@type\":\"ImageObject\",\"inLanguage\":\"es\",\"@id\":\"https:\\\/\\\/cortapelosyplanchas.com\\\/blog\\\/recomendaciones-y-cuidados-de-las-baterias-de-los-cortapelos\\\/#primaryimage\",\"url\":\"https:\\\/\\\/cortapelosyplanchas.com\\\/blog\\\/wp-content\\\/uploads\\\/2017\\\/07\\\/comprar_bateri_a_chrosmtyle_bateri_a_cortapelos_1871_bateri_a_corta_pelo_precio_barata_moser_espan_a_chromstyle_baterias_maquinas_moser.jpg\",\"contentUrl\":\"https:\\\/\\\/cortapelosyplanchas.com\\\/blog\\\/wp-content\\\/uploads\\\/2017\\\/07\\\/comprar_bateri_a_chrosmtyle_bateri_a_cortapelos_1871_bateri_a_corta_pelo_precio_barata_moser_espan_a_chromstyle_baterias_maquinas_moser.jpg\",\"width\":600,\"height\":600,\"caption\":\"comprar_bateri_a_chrosmtyle_bateri_a_cortapelos_1871_bateri_a_corta_pelo_precio_barata_moser_espan_a_chromstyle_baterias_maquinas_moser\"},{\"@type\":\"BreadcrumbList\",\"@id\":\"https:\\\/\\\/cortapelosyplanchas.com\\\/blog\\\/recomendaciones-y-cuidados-de-las-baterias-de-los-cortapelos\\\/#breadcrumb\",\"itemListElement\":[{\"@type\":\"ListItem\",\"position\":1,\"name\":\"Portada\",\"item\":\"https:\\\/\\\/cortapelosyplanchas.com\\\/blog\\\/\"},{\"@type\":\"ListItem\",\"position\":2,\"name\":\"Accesorios y Repuestos\",\"item\":\"https:\\\/\\\/cortapelosyplanchas.com\\\/blog\\\/category\\\/accesorios-y-repuestos\\\/\"},{\"@type\":\"ListItem\",\"position\":3,\"name\":\"Recomendaciones y cuidados de las bater\u00edas de los cortapelos\"}]},{\"@type\":\"WebSite\",\"@id\":\"https:\\\/\\\/cortapelosyplanchas.com\\\/blog\\\/#website\",\"url\":\"https:\\\/\\\/cortapelosyplanchas.com\\\/blog\\\/\",\"name\":\"Cortapelos y Planchas\",\"description\":\"Tienda online de productos profesionales para la barber\u00eda y peluquer\u00eda\",\"potentialAction\":[{\"@type\":\"SearchAction\",\"target\":{\"@type\":\"EntryPoint\",\"urlTemplate\":\"https:\\\/\\\/cortapelosyplanchas.com\\\/blog\\\/?s={search_term_string}\"},\"query-input\":{\"@type\":\"PropertyValueSpecification\",\"valueRequired\":true,\"valueName\":\"search_term_string\"}}],\"inLanguage\":\"es\"},{\"@type\":\"Person\",\"@id\":\"https:\\\/\\\/cortapelosyplanchas.com\\\/blog\\\/#\\\/schema\\\/person\\\/8d598e779c1fdcfef4c6b9af1a977f5d\",\"name\":\"admin\",\"image\":{\"@type\":\"ImageObject\",\"inLanguage\":\"es\",\"@id\":\"https:\\\/\\\/secure.gravatar.com\\\/avatar\\\/40514707bfd39d3804d4b44915d7ed2ec67df255ac2ef5884b698885f0278493?s=96&d=mm&r=g\",\"url\":\"https:\\\/\\\/secure.gravatar.com\\\/avatar\\\/40514707bfd39d3804d4b44915d7ed2ec67df255ac2ef5884b698885f0278493?s=96&d=mm&r=g\",\"contentUrl\":\"https:\\\/\\\/secure.gravatar.com\\\/avatar\\\/40514707bfd39d3804d4b44915d7ed2ec67df255ac2ef5884b698885f0278493?s=96&d=mm&r=g\",\"caption\":\"admin\"},\"url\":\"https:\\\/\\\/cortapelosyplanchas.com\\\/blog\\\/author\\\/admin\\\/\"}]}<\/script>\n<!-- \/ Yoast SEO plugin. -->","yoast_head_json":{"title":"Recomendaciones y cuidados de las bater\u00edas de los cortapelos - Cortapelos y Planchas","robots":{"index":"index","follow":"follow","max-snippet":"max-snippet:-1","max-image-preview":"max-image-preview:large","max-video-preview":"max-video-preview:-1"},"canonical":"https:\/\/cortapelosyplanchas.com\/blog\/recomendaciones-y-cuidados-de-las-baterias-de-los-cortapelos\/","og_locale":"es_ES","og_type":"article","og_title":"Recomendaciones y cuidados de las bater\u00edas de los cortapelos - Cortapelos y Planchas","og_description":"En algunos post de este blog de comunicaci\u00f3n, hemos hablado de los cortapelos sin cable que obviamente se llaman as\u00ed \u00a0porque son m\u00e1quinas de cortar el pelo que funcionan mediante bater\u00edas recargables, y precisamente de ellas y de sus cuidados vamos a hablar en esta ocasi\u00f3n.","og_url":"https:\/\/cortapelosyplanchas.com\/blog\/recomendaciones-y-cuidados-de-las-baterias-de-los-cortapelos\/","og_site_name":"Cortapelos y Planchas","article_published_time":"2017-07-17T08:26:36+00:00","article_modified_time":"2017-07-17T08:29:30+00:00","og_image":[{"width":600,"height":600,"url":"https:\/\/cortapelosyplanchas.com\/blog\/wp-content\/uploads\/2017\/07\/comprar_bateri_a_chrosmtyle_bateri_a_cortapelos_1871_bateri_a_corta_pelo_precio_barata_moser_espan_a_chromstyle_baterias_maquinas_moser.jpg","type":"image\/jpeg"}],"author":"admin","twitter_card":"summary_large_image","twitter_misc":{"Escrito por":"admin","Tiempo de lectura":"2 minutos"},"schema":{"@context":"https:\/\/schema.org","@graph":[{"@type":"Article","@id":"https:\/\/cortapelosyplanchas.com\/blog\/recomendaciones-y-cuidados-de-las-baterias-de-los-cortapelos\/#article","isPartOf":{"@id":"https:\/\/cortapelosyplanchas.com\/blog\/recomendaciones-y-cuidados-de-las-baterias-de-los-cortapelos\/"},"author":{"name":"admin","@id":"https:\/\/cortapelosyplanchas.com\/blog\/#\/schema\/person\/8d598e779c1fdcfef4c6b9af1a977f5d"},"headline":"Recomendaciones y cuidados de las bater\u00edas de los cortapelos","datePublished":"2017-07-17T08:26:36+00:00","dateModified":"2017-07-17T08:29:30+00:00","mainEntityOfPage":{"@id":"https:\/\/cortapelosyplanchas.com\/blog\/recomendaciones-y-cuidados-de-las-baterias-de-los-cortapelos\/"},"wordCount":438,"image":{"@id":"https:\/\/cortapelosyplanchas.com\/blog\/recomendaciones-y-cuidados-de-las-baterias-de-los-cortapelos\/#primaryimage"},"thumbnailUrl":"https:\/\/cortapelosyplanchas.com\/blog\/wp-content\/uploads\/2017\/07\/comprar_bateri_a_chrosmtyle_bateri_a_cortapelos_1871_bateri_a_corta_pelo_precio_barata_moser_espan_a_chromstyle_baterias_maquinas_moser.jpg","keywords":["bater\u00edas para cortapelos","como cuidar los cortapelos","cortapelo a bateria","cuidados del cortapelo"],"articleSection":["Accesorios y Repuestos","Cortapelos"],"inLanguage":"es"},{"@type":"WebPage","@id":"https:\/\/cortapelosyplanchas.com\/blog\/recomendaciones-y-cuidados-de-las-baterias-de-los-cortapelos\/","url":"https:\/\/cortapelosyplanchas.com\/blog\/recomendaciones-y-cuidados-de-las-baterias-de-los-cortapelos\/","name":"Recomendaciones y cuidados de las bater\u00edas de los cortapelos - Cortapelos y Planchas","isPartOf":{"@id":"https:\/\/cortapelosyplanchas.com\/blog\/#website"},"primaryImageOfPage":{"@id":"https:\/\/cortapelosyplanchas.com\/blog\/recomendaciones-y-cuidados-de-las-baterias-de-los-cortapelos\/#primaryimage"},"image":{"@id":"https:\/\/cortapelosyplanchas.com\/blog\/recomendaciones-y-cuidados-de-las-baterias-de-los-cortapelos\/#primaryimage"},"thumbnailUrl":"https:\/\/cortapelosyplanchas.com\/blog\/wp-content\/uploads\/2017\/07\/comprar_bateri_a_chrosmtyle_bateri_a_cortapelos_1871_bateri_a_corta_pelo_precio_barata_moser_espan_a_chromstyle_baterias_maquinas_moser.jpg","datePublished":"2017-07-17T08:26:36+00:00","dateModified":"2017-07-17T08:29:30+00:00","author":{"@id":"https:\/\/cortapelosyplanchas.com\/blog\/#\/schema\/person\/8d598e779c1fdcfef4c6b9af1a977f5d"},"breadcrumb":{"@id":"https:\/\/cortapelosyplanchas.com\/blog\/recomendaciones-y-cuidados-de-las-baterias-de-los-cortapelos\/#breadcrumb"},"inLanguage":"es","potentialAction":[{"@type":"ReadAction","target":["https:\/\/cortapelosyplanchas.com\/blog\/recomendaciones-y-cuidados-de-las-baterias-de-los-cortapelos\/"]}]},{"@type":"ImageObject","inLanguage":"es","@id":"https:\/\/cortapelosyplanchas.com\/blog\/recomendaciones-y-cuidados-de-las-baterias-de-los-cortapelos\/#primaryimage","url":"https:\/\/cortapelosyplanchas.com\/blog\/wp-content\/uploads\/2017\/07\/comprar_bateri_a_chrosmtyle_bateri_a_cortapelos_1871_bateri_a_corta_pelo_precio_barata_moser_espan_a_chromstyle_baterias_maquinas_moser.jpg","contentUrl":"https:\/\/cortapelosyplanchas.com\/blog\/wp-content\/uploads\/2017\/07\/comprar_bateri_a_chrosmtyle_bateri_a_cortapelos_1871_bateri_a_corta_pelo_precio_barata_moser_espan_a_chromstyle_baterias_maquinas_moser.jpg","width":600,"height":600,"caption":"comprar_bateri_a_chrosmtyle_bateri_a_cortapelos_1871_bateri_a_corta_pelo_precio_barata_moser_espan_a_chromstyle_baterias_maquinas_moser"},{"@type":"BreadcrumbList","@id":"https:\/\/cortapelosyplanchas.com\/blog\/recomendaciones-y-cuidados-de-las-baterias-de-los-cortapelos\/#breadcrumb","itemListElement":[{"@type":"ListItem","position":1,"name":"Portada","item":"https:\/\/cortapelosyplanchas.com\/blog\/"},{"@type":"ListItem","position":2,"name":"Accesorios y Repuestos","item":"https:\/\/cortapelosyplanchas.com\/blog\/category\/accesorios-y-repuestos\/"},{"@type":"ListItem","position":3,"name":"Recomendaciones y cuidados de las bater\u00edas de los cortapelos"}]},{"@type":"WebSite","@id":"https:\/\/cortapelosyplanchas.com\/blog\/#website","url":"https:\/\/cortapelosyplanchas.com\/blog\/","name":"Cortapelos y Planchas","description":"Tienda online de productos profesionales para la barber\u00eda y peluquer\u00eda","potentialAction":[{"@type":"SearchAction","target":{"@type":"EntryPoint","urlTemplate":"https:\/\/cortapelosyplanchas.com\/blog\/?s={search_term_string}"},"query-input":{"@type":"PropertyValueSpecification","valueRequired":true,"valueName":"search_term_string"}}],"inLanguage":"es"},{"@type":"Person","@id":"https:\/\/cortapelosyplanchas.com\/blog\/#\/schema\/person\/8d598e779c1fdcfef4c6b9af1a977f5d","name":"admin","image":{"@type":"ImageObject","inLanguage":"es","@id":"https:\/\/secure.gravatar.com\/avatar\/40514707bfd39d3804d4b44915d7ed2ec67df255ac2ef5884b698885f0278493?s=96&d=mm&r=g","url":"https:\/\/secure.gravatar.com\/avatar\/40514707bfd39d3804d4b44915d7ed2ec67df255ac2ef5884b698885f0278493?s=96&d=mm&r=g","contentUrl":"https:\/\/secure.gravatar.com\/avatar\/40514707bfd39d3804d4b44915d7ed2ec67df255ac2ef5884b698885f0278493?s=96&d=mm&r=g","caption":"admin"},"url":"https:\/\/cortapelosyplanchas.com\/blog\/author\/admin\/"}]}},"_links":{"self":[{"href":"https:\/\/cortapelosyplanchas.com\/blog\/wp-json\/wp\/v2\/posts\/1508","targetHints":{"allow":["GET"]}}],"collection":[{"href":"https:\/\/cortapelosyplanchas.com\/blog\/wp-json\/wp\/v2\/posts"}],"about":[{"href":"https:\/\/cortapelosyplanchas.com\/blog\/wp-json\/wp\/v2\/types\/post"}],"author":[{"embeddable":true,"href":"https:\/\/cortapelosyplanchas.com\/blog\/wp-json\/wp\/v2\/users\/1"}],"replies":[{"embeddable":true,"href":"https:\/\/cortapelosyplanchas.com\/blog\/wp-json\/wp\/v2\/comments?post=1508"}],"version-history":[{"count":3,"href":"https:\/\/cortapelosyplanchas.com\/blog\/wp-json\/wp\/v2\/posts\/1508\/revisions"}],"predecessor-version":[{"id":1512,"href":"https:\/\/cortapelosyplanchas.com\/blog\/wp-json\/wp\/v2\/posts\/1508\/revisions\/1512"}],"wp:featuredmedia":[{"embeddable":true,"href":"https:\/\/cortapelosyplanchas.com\/blog\/wp-json\/wp\/v2\/media\/1509"}],"wp:attachment":[{"href":"https:\/\/cortapelosyplanchas.com\/blog\/wp-json\/wp\/v2\/media?parent=1508"}],"wp:term":[{"taxonomy":"category","embeddable":true,"href":"https:\/\/cortapelosyplanchas.com\/blog\/wp-json\/wp\/v2\/categories?post=1508"},{"taxonomy":"post_tag","embeddable":true,"href":"https:\/\/cortapelosyplanchas.com\/blog\/wp-json\/wp\/v2\/tags?post=1508"}],"curies":[{"name":"wp","href":"https:\/\/api.w.org\/{rel}","templated":true}]}}